{"id":71889,"date":"2025-06-24T10:02:18","date_gmt":"2025-06-24T14:02:18","guid":{"rendered":"https:\/\/cyclingcanada.ca\/news\/appel-de-mises-en-candidatures-pour-le-conseil-dadministration-de-cyclisme-canada-2\/"},"modified":"2025-06-24T13:31:19","modified_gmt":"2025-06-24T17:31:19","slug":"appel-de-mises-en-candidatures-pour-le-conseil-dadministration-de-cyclisme-canada-2","status":"publish","type":"news","link":"https:\/\/cyclingcanada.ca\/fr\/news\/appel-de-mises-en-candidatures-pour-le-conseil-dadministration-de-cyclisme-canada-2\/","title":{"rendered":"Appel de mises en candidatures pour le <br>conseil d\u2019administration de Cyclisme Canada"},"content":{"rendered":"\n<p><strong>Ottawa, ON (June 25, 2025) <\/strong>\u2013<strong> <\/strong>Cycling Canada is pleased to announce the opening of the annual nomination process for positions on its Board of Directors. <\/p>\n\n\n\n<p><br>Le conseil d\u2019administration est \u00e9lu par les membres de Cyclisme Canada (organismes provinciaux et territoriaux de sport) et il compte sept postes de directeurs, un(e) repr\u00e9sentant(e) des athl\u00e8tes de l\u2019\u00e9quipe nationale et un(e) directeur(trice) non d\u00e9sign\u00e9(e) qui peut \u00eatre nomm\u00e9(e) \u00e0 la discr\u00e9tion du conseil d\u2019administration. <\/p>\n\n\n\n<p>Le r\u00f4le du conseil d\u2019administration de Cyclisme Canada est d\u2019assurer la direction strat\u00e9gique, le leadership et la stabilit\u00e9 de l\u2019organisation. Le conseil d\u2019administration \u00e9tablit la mission et la raison d\u2019\u00eatre de l\u2019organisation et est responsable d\u2019un certain nombre d\u2019activit\u00e9s cl\u00e9s li\u00e9es \u00e0 la gouvernance, notamment l\u2019approbation de la nomination du (ou de la) chef de la direction et de l\u2019\u00e9quipe de la haute direction ainsi que l\u2019encadrement de ces derniers, l\u2019\u00e9laboration et l\u2019adoption de politiques organisationnelles, la surveillance financi\u00e8re et l\u2019approbation du budget annuel.   <\/p>\n\n\n\n<p>Le comit\u00e9 de mises en candidature de Cyclisme Canada lance un appel \u00e0 candidatures pour l\u2019\u00e9lection au sein du conseil d\u2019administration de Cyclisme Canada dans le cadre de l\u2019assembl\u00e9e annuelle qui se tiendra via Microsoft Teams le <strong>mardi 23 septembre 2025.<\/strong><\/p>\n\n\n\n<p>Postes \u00e0 pourvoir\u202f: <\/p>\n\n\n\n<ul class=\"wp-block-list\">\n<li>Deux postes de directeurs (mandats de trois ans chacun) <\/li>\n<\/ul>\n\n\n\n<ul class=\"wp-block-list\">\n<li>Deux postes de directeurs (mandats d&#8217;une ann\u00e9e chacun) <\/li>\n<\/ul>\n\n\n\n<p>Pour les prochaines \u00e9lections de septembre 2025, le comit\u00e9 de mises en candidature est \u00e0 la recherche de candidat(e)s provenant de divers horizons, apportant une vari\u00e9t\u00e9 de perspectives et de comp\u00e9tences, avec un accent particulier sur les deux domaines suivants : <\/p>\n\n\n\n<ul class=\"wp-block-list\">\n<li><strong>Finances et surveillance financi\u00e8re <br>Les candidat(e)s d\u00e9tenant un titre professionnel comptable (CPA ou \u00e9quivalent) seront fortement consid\u00e9r\u00e9s comme un atout.<br><\/strong> <\/li>\n<\/ul>\n\n\n\n<ul class=\"wp-block-list\">\n<li><strong>Collecte de fonds et d\u00e9veloppement du parrainage<\/strong> <br>Une exp\u00e9rience professionnelle en strat\u00e9gie de collecte de fonds et en mobilisation des donateurs, accompagn\u00e9e d\u2019une certification appropri\u00e9e ou d\u2019une exp\u00e9rience d\u00e9montr\u00e9e, est fortement souhaitable. <\/li>\n<\/ul>\n\n\n\n<p>Plus pr\u00e9cis\u00e9ment, Cyclisme Canada recherche des femmes, des personnes issues de la communaut\u00e9 autochtone, des Canadiens noirs, des personnes LGBTQ2S+, des personnes ayant une d\u00e9ficience physique et des repr\u00e9sentants de communaut\u00e9s marginalis\u00e9es. Cyclisme Canada veillera \u00e0 ce que l\u2019\u00e9quit\u00e9, la diversit\u00e9 et l\u2019inclusion occupent une place importante dans le processus de mises en candidature. <\/p>\n\n\n\n<p>Les membres du conseil d\u2019administration se r\u00e9unissent par visioconf\u00e9rence une fois par mois, se rencontrent en personne une fois par ann\u00e9e et doivent aussi participer aux comit\u00e9s du conseil d\u2019administration sur une base r\u00e9guli\u00e8re. Les membres du conseil d\u2019administration de Cyclisme Canada consacrent en moyenne cinq \u00e0 huit heures par mois \u00e0 des activit\u00e9s li\u00e9es au conseil, mais cette moyenne peut augmenter s\u2019ils occupent un poste de pr\u00e9sident du conseil d\u2019administration ou de pr\u00e9sident d\u2019un des comit\u00e9s du conseil. Cyclisme Canada souhaite d\u00e9velopper l\u2019expertise de son conseil d\u2019administration actuel et cherche \u00e0 inclure une diversit\u00e9 de voix et de comp\u00e9tences qui contribueront \u00e0 la croissance et au d\u00e9veloppement de l\u2019organisation et du sport au Canada.   <\/p>\n\n\n\n<p>Les membres du conseil d\u2019administration ne sont pas r\u00e9mun\u00e9r\u00e9s pour leur implication, mais ils seront rembours\u00e9s pour les d\u00e9penses pr\u00e9approuv\u00e9es directement li\u00e9es aux activit\u00e9s du conseil, y compris, mais sans s\u2019y limiter, l\u2019h\u00e9bergement, les d\u00e9placements et les repas. <\/p>\n\n\n\n<p><strong>Crit\u00e8res d\u2019admissibilit\u00e9 au poste de directeur (trice)<\/strong> <\/p>\n\n\n\n<ul class=\"wp-block-list\">\n<li>\u00catre \u00e2g\u00e9(e) d\u2019au moins 18\u202fans. <\/li>\n<\/ul>\n\n\n\n<ul class=\"wp-block-list\">\n<li>\u00catre citoyen(ne) canadien(ne). <\/li>\n<\/ul>\n\n\n\n<ul class=\"wp-block-list\">\n<li>\u00catre membre en r\u00e8gle de l\u2019une des associations cyclistes provinciales ou territoriales de Cyclisme Canada. <\/li>\n<\/ul>\n\n\n\n<ul class=\"wp-block-list\">\n<li>Ne pas \u00eatre en faillite. <\/li>\n<\/ul>\n\n\n\n<ul class=\"wp-block-list\">\n<li>Ne pas avoir \u00e9t\u00e9 d\u00e9clar\u00e9 incapable en vertu des lois provinciales ou territoriales au Canada ou par un tribunal \u00e9tranger. <\/li>\n<\/ul>\n\n\n\n<ul class=\"wp-block-list\">\n<li>Ne pas \u00eatre directeur(trice) ou dirigeant(e) de l\u2019une des associations cyclistes provinciales ou territoriales de Cyclisme Canada. <\/li>\n<\/ul>\n\n\n\n<ul class=\"wp-block-list\">\n<li>Ne pas \u00eatre employ\u00e9(e) ou propri\u00e9taire d\u2019une organisation sous contrat avec Cyclisme Canada. <\/li>\n<\/ul>\n\n\n\n<ul class=\"wp-block-list\">\n<li>Ne pas \u00eatre un(e) employ\u00e9(e) de Cyclisme Canada ou un(e) employ\u00e9(e) d\u2019une des associations cyclistes provinciales ou territoriales de Cyclisme Canada. <\/li>\n<\/ul>\n\n\n\n<p><strong>\u00c0 propos de Cyclisme Canada About Cycling Canada <\/strong> <\/p>\n\n\n\n<p>Cyclisme Canada est le plus ancien organisme national de sport au pays et existe pour une simple et bonne raison\u202f: <strong>cultiver notre amour du v\u00e9lo<\/strong>. Notre mandat est de d\u00e9velopper le sport de fa\u00e7on holistique en partenariat avec nos 11\u202forganismes provinciaux et territoriaux de sport afin de permettre \u00e0 un plus grand nombre de Canadiens d\u2019un oc\u00e9an \u00e0 l\u2019autre de faire du v\u00e9lo et de monter sur le podium partout dans le monde. \u00c0 cette fin, Cyclisme Canada dispose d\u2019un plan strat\u00e9gique audacieux pour transformer notre sport au Canada au cours des 10 prochaines ann\u00e9es. Nous engagerons, unirons et soutiendrons nos partenaires pour d\u00e9velopper collectivement notre communaut\u00e9 gr\u00e2ce \u00e0 des programmes, des \u00e9v\u00e9nements et des services de haute qualit\u00e9 qui seront harmonis\u00e9s \u00e0 travers le pays. Cyclisme Canada se concentrera dor\u00e9navant sur <strong>quatre priorit\u00e9s strat\u00e9giques<\/strong> dans la poursuite de son objectif\u202f:     <\/p>\n\n\n\n<ol start=\"1\" class=\"wp-block-list\">\n<li>Cr\u00e9er une <strong>communaut\u00e9 <\/strong>de cyclistes ayant des liens profonds, des affinit\u00e9s et une fiert\u00e9 pour le sport du cyclisme. <\/li>\n<\/ol>\n\n\n\n<ol start=\"2\" class=\"wp-block-list\">\n<li>Enseigner aux enfants de tout le Canada, au niveau d\u00e9veloppement pour <strong>grassroots<\/strong> le plaisir d\u2019apprendre de nouvelles comp\u00e9tences \u00e0 v\u00e9lo. <\/li>\n<\/ol>\n\n\n\n<ol start=\"3\" class=\"wp-block-list\">\n<li>Produire et faciliter des <strong>\u00e9v\u00e9nements<\/strong> qui suscitent l\u2019int\u00e9r\u00eat et l\u2019engagement des Canadiens pour le cyclisme. <\/li>\n<\/ol>\n\n\n\n<ol start=\"4\" class=\"wp-block-list\">\n<li>D\u00e9velopper des <strong>champions courtois gr\u00e2ce<\/strong> \u00e0 des programmes de performance durables et harmonis\u00e9s qui am\u00e8nent syst\u00e9matiquement les Canadiens au sommet de la sc\u00e8ne mondiale, devenant ainsi des ambassadeurs \u00e0 vie au sein de notre communaut\u00e9. <\/li>\n<\/ol>\n\n\n\n<p>Le slogan VIENS FAIRE UN TOUR invite tous les passionn\u00e9s de cyclisme \u00e0 se joindre \u00e0 nous pour inciter les Canadiens \u00e0 faire du v\u00e9lo. Notre marque est une repr\u00e9sentation de notre passion pour le cyclisme et la communaut\u00e9. Elle refl\u00e8te notre d\u00e9vouement au d\u00e9veloppement holistique du sport par l\u2019inspiration et la collaboration, et elle inclut toutes les disciplines du cyclisme, des sports traditionnels comme la route et la piste aux ajouts plus r\u00e9cents comme le BMX Freestyle.  <\/p>\n\n\n\n<p><strong>Processus de mise en candidature Nomination Process<\/strong> <\/p>\n\n\n\n<p>Toute personne souhaitant se porter candidate \u00e0 l\u2019\u00e9lection au conseil d\u2019administration de Cyclisme Canada doit soumettre un dossier de candidature d\u00fbment rempli au plus tard le 20\u202fjuillet 2025 \u00e0 17\u202fh (HE). <\/p>\n\n\n\n<p>Le dossier de candidature doit comprendre\u202f: <\/p>\n\n\n\n<ul class=\"wp-block-list\">\n<li>Une demande en ligne d\u00fbment remplie <a href=\"https:\/\/docs.google.com\/forms\/d\/e\/1FAIpQLSegHvrAG7ys4050g5Sjpj93hktlM5CaAmdrhLtxJKNxCOk5Aw\/viewform\" data-type=\"link\" data-id=\"https:\/\/docs.google.com\/forms\/d\/e\/1FAIpQLSegHvrAG7ys4050g5Sjpj93hktlM5CaAmdrhLtxJKNxCOk5Aw\/viewform\">\u00ab\u202fFormulaire de demande 2025 de candidature au conseil d&#8217;administration de Cyclisme Canada\u202f\u00bb<\/a> . L\u2019information contenue dans ce formulaire sera mise \u00e0 la disposition des membres avant l\u2019assembl\u00e9e annuelle.<\/li>\n<\/ul>\n\n\n\n<ul class=\"wp-block-list\">\n<li>Une d\u00e9claration d\u2019int\u00e9r\u00eat et un curriculum vitae t\u00e9l\u00e9charg\u00e9s avec le formulaire de candidature. <\/li>\n<\/ul>\n\n\n\n<ul class=\"wp-block-list\">\n<li>Une entente sign\u00e9e par <strong>les administrateurs<\/strong> qui vous sera fournie une fois que vous aurez soumis le formulaire de candidature d\u00fbment rempli. L\u2019entente doit \u00eatre sign\u00e9e et envoy\u00e9e par courriel \u00e0 <a href=\"mailto:general@cyclingcanada.ca\" target=\"_blank\" rel=\"noreferrer noopener\">general@cyclingcanada.ca<\/a> avec pour objet\u202f: <strong>Entente de candidature au poste de directeur(trice).<\/strong> L\u2019envoi de cette entente confirme votre volont\u00e9 de soumettre votre candidature<strong>, <\/strong>ainsi que votre engagement \u00e0 respecter les devoirs et obligations d\u2019un(e) directeur(trice) si vous \u00eates \u00e9lu(e).  <\/li>\n<\/ul>\n\n\n\n<p>Veuillez noter que tous les dossiers de candidature incomplets ne seront pas pris en consid\u00e9ration par le comit\u00e9 des candidatures. <\/p>\n\n\n\n<p>\u00c0 la fin de la p\u00e9riode de mise en candidature, le comit\u00e9 des candidatures \u00e9valuera les candidats et s\u00e9lectionnera une liste restreinte de personnes \u00e0 convoquer en entrevue. Apr\u00e8s d\u00e9lib\u00e9rations, le comit\u00e9 des candidatures \u00e9tablira une liste de candidats \u00e0 recommander aux membres \u00e0 la r\u00e9union annuelle.  <\/p>\n\n\n\n<p>L\u2019objectif du comit\u00e9 des candidatures est d\u2019identifier les candidats les plus aptes \u00e0 r\u00e9pondre aux besoins de Cyclisme Canada compte tenu de leurs connaissances, de leurs comp\u00e9tences, de leur exp\u00e9rience et d\u2019autres attributs, ainsi que de leur compr\u00e9hension des devoirs et obligations d\u2019un membre d\u2019un conseil d\u2019administration. <\/p>\n\n\n\n<p>Le comit\u00e9 des candidatures informera tous les candidats de la liste des candidats recommand\u00e9s par le comit\u00e9 au moins 14\u202fjours avant la date de l\u2019assembl\u00e9e annuelle et au moins trois jours avant que les recommandations du comit\u00e9 ne soient publi\u00e9es aux membres. <\/p>\n\n\n\n<p>Cyclisme Canada soutient l\u2019\u00e9quit\u00e9, la diversit\u00e9 et l\u2019inclusion et fournira des mesures d\u2019adaptation \u00e0 chacune des \u00e9tapes du processus de candidature, le cas \u00e9ch\u00e9ant. Si vous avez besoin de mesures d\u2019adaptation pour postuler, veuillez en aviser Mathieu Boucher, chef de la direction par int\u00e9rim de Cyclisme Canada, par courriel \u00e0 <a href=\"mailto:mathieu.boucher@cyclingcanada.ca\" target=\"_blank\" rel=\"noreferrer noopener\">mathieu.boucher@cyclingcanada.ca<\/a>  <\/p>\n","protected":false},"featured_media":71887,"template":"","meta":{"_acf_changed":false,"advanced_seo_description":"","jetpack_seo_html_title":"","jetpack_seo_noindex":false},"sport":[83],"class_list":["post-71889","news","type-news","status-publish","has-post-thumbnail","hentry","sport-general"],"acf":[],"jetpack_sharing_enabled":true,"_links":{"self":[{"href":"https:\/\/cyclingcanada.ca\/fr\/wp-json\/wp\/v2\/news\/71889","targetHints":{"allow":["GET"]}}],"collection":[{"href":"https:\/\/cyclingcanada.ca\/fr\/wp-json\/wp\/v2\/news"}],"about":[{"href":"https:\/\/cyclingcanada.ca\/fr\/wp-json\/wp\/v2\/types\/news"}],"wp:featuredmedia":[{"embeddable":true,"href":"https:\/\/cyclingcanada.ca\/fr\/wp-json\/wp\/v2\/media\/71887"}],"wp:attachment":[{"href":"https:\/\/cyclingcanada.ca\/fr\/wp-json\/wp\/v2\/media?parent=71889"}],"wp:term":[{"taxonomy":"sport","embeddable":true,"href":"https:\/\/cyclingcanada.ca\/fr\/wp-json\/wp\/v2\/sport?post=71889"}],"curies":[{"name":"wp","href":"https:\/\/api.w.org\/{rel}","templated":true}]}}