{"id":73122,"date":"2025-09-13T17:00:35","date_gmt":"2025-09-13T21:00:35","guid":{"rendered":"https:\/\/cyclingcanada.ca\/?post_type=news&#038;p=73122"},"modified":"2025-09-13T17:00:36","modified_gmt":"2025-09-13T21:00:36","slug":"grande-nouvelle-cole-punchard-decroche-largent-en-u23-xco-aux-championnats-du-monde-a-crans-montana","status":"publish","type":"news","link":"https:\/\/cyclingcanada.ca\/fr\/news\/grande-nouvelle-cole-punchard-decroche-largent-en-u23-xco-aux-championnats-du-monde-a-crans-montana\/","title":{"rendered":"GRANDE NOUVELLE : COLE PUNCHARD D\u00c9CROCHE L\u2019ARGENT EN U23 XCO AUX CHAMPIONNATS DU MONDE \u00c0 CRANS-MONTANA\u00a0\u00a0"},"content":{"rendered":"\n<p><strong>OTTAWA, ON (13 septembre 2025)<\/strong> \u2013 Le cycliste canadien Cole Punchard a livr\u00e9 une performance remarquable \u00e0 Crans-Montana, en Suisse, remportant la m\u00e9daille d\u2019argent dans la course Cross-country olympique (XCO) U23 hommes lors des Championnats du monde de v\u00e9lo de montagne UCI 2025.&nbsp;<\/p>\n\n\n\n<p>Punchard a termin\u00e9 le parcours de 8 tours en 1h21min19s, \u00e0 seulement 54 secondes du coureur suisse Finn Treudler. Le trac\u00e9 alpin, exigeant avec ses mont\u00e9es abruptes et ses descentes rapides, a mis les coureurs \u00e0 rude \u00e9preuve. Cette performance marque la premi\u00e8re m\u00e9daille mondiale en XCO pour Punchard.\u00a0<\/p>\n\n\n\n<p>Cette m\u00e9daille d\u2019argent fait suite \u00e0 sa m\u00e9daille de bronze obtenue quelques jours plus t\u00f4t en Short Track (XCC) U23 \u00e0 Zermatt, dans le cadre d\u2019une belle r\u00e9colte canadienne qui a \u00e9galement vu Isabella Holmgren et Jennifer Jackson monter sur le podium. Lire l\u2019article sur cette performance <a href=\"https:\/\/cyclingcanada.ca\/fr\/news\/grande-nouvelle-holmgren-en-or-jackson-et-punchard-en-bronze-aux-championnats-du-monde-de-velo-de-montagne-uci-2025-a-zermatt\/\" target=\"_blank\" rel=\"noreferrer noopener\">ici<\/a>.&nbsp;&nbsp;<\/p>\n\n\n\n<p>Cyclisme Canada f\u00e9licite chaleureusement Cole Punchard pour ses exploits et c\u00e9l\u00e8bre tous les athl\u00e8tes canadiens qui ont fi\u00e8rement repr\u00e9sent\u00e9 la feuille d\u2019\u00e9rable \u00e0 Crans-Montana et Zermatt.&nbsp;<\/p>\n\n\n\n<p>Pour les r\u00e9sultats complets et la couverture de l\u2019\u00e9v\u00e9nement, visitez le <a href=\"https:\/\/fr.uci.org\/\" target=\"_blank\" rel=\"noreferrer noopener\">site de l\u2019UCI<\/a>.&nbsp;<\/p>\n","protected":false},"featured_media":73121,"template":"","meta":{"_acf_changed":false,"advanced_seo_description":"","jetpack_seo_html_title":"","jetpack_seo_noindex":false},"sport":[],"class_list":["post-73122","news","type-news","status-publish","has-post-thumbnail","hentry"],"acf":[],"jetpack_sharing_enabled":true,"_links":{"self":[{"href":"https:\/\/cyclingcanada.ca\/fr\/wp-json\/wp\/v2\/news\/73122","targetHints":{"allow":["GET"]}}],"collection":[{"href":"https:\/\/cyclingcanada.ca\/fr\/wp-json\/wp\/v2\/news"}],"about":[{"href":"https:\/\/cyclingcanada.ca\/fr\/wp-json\/wp\/v2\/types\/news"}],"wp:featuredmedia":[{"embeddable":true,"href":"https:\/\/cyclingcanada.ca\/fr\/wp-json\/wp\/v2\/media\/73121"}],"wp:attachment":[{"href":"https:\/\/cyclingcanada.ca\/fr\/wp-json\/wp\/v2\/media?parent=73122"}],"wp:term":[{"taxonomy":"sport","embeddable":true,"href":"https:\/\/cyclingcanada.ca\/fr\/wp-json\/wp\/v2\/sport?post=73122"}],"curies":[{"name":"wp","href":"https:\/\/api.w.org\/{rel}","templated":true}]}}