{"id":73126,"date":"2025-09-14T12:59:20","date_gmt":"2025-09-14T16:59:20","guid":{"rendered":"https:\/\/cyclingcanada.ca\/?post_type=news&#038;p=73126"},"modified":"2025-10-01T18:32:25","modified_gmt":"2025-10-01T22:32:25","slug":"flash-info-isabella-holmgren-entre-dans-lhistoire-avec-un-double-titre-mondial-aux-championnats-du-monde-de-velo-de-montagne","status":"publish","type":"news","link":"https:\/\/cyclingcanada.ca\/fr\/news\/flash-info-isabella-holmgren-entre-dans-lhistoire-avec-un-double-titre-mondial-aux-championnats-du-monde-de-velo-de-montagne\/","title":{"rendered":"GRANDE NOUVELLE : ISABELLA HOLMGREN ENTRE DANS L\u2019HISTOIRE AVEC UN DOUBLE TITRE MONDIAL AUX CHAMPIONNATS DU MONDE DE V\u00c9LO DE MONTAGNE\u00a0"},"content":{"rendered":"\n<p><strong>OTTAWA, ON (14 septembre 2025) &#8211;&nbsp;<\/strong>Isabella Holmgren a livr\u00e9 une performance remarquable aux Championnats du Monde de V\u00e9lo de Montagne UCI 2025, remportant la m\u00e9daille d\u2019or dans les cat\u00e9gories U23 Femmes Cross-Country Short Track (XCC) et Cross-Country Olympic (XCO) pour une deuxi\u00e8me ann\u00e9e cons\u00e9cutive. Ce doubl\u00e9 historique constitue une nouvelle \u00e9tape marquante pour le cyclisme canadien et confirme Holmgren comme l\u2019une des athl\u00e8tes les plus talentueuses du circuit mondial.&nbsp;<\/p>\n\n\n\n<p>Holmgren a entam\u00e9 la semaine avec une prestation dominante dans l\u2019\u00e9preuve U23 Femmes de Cross-Country Short Track (XCC), s\u2019imposant avec autorit\u00e9 face \u00e0 ses concurrentes. Elle a ensuite confirm\u00e9 sa forme exceptionnelle en remportant l\u2019\u00e9preuve U23 Femmes de Cross-Country Olympic (XCO), ma\u00eetrisant avec pr\u00e9cision et puissance les parcours techniques du Valais pour d\u00e9crocher le titre mondial.&nbsp;<\/p>\n\n\n\n<p>Ces r\u00e9sultats s\u2019ajoutent aux r\u00e9centes performances de Holmgren, notamment sa victoire au Tour de l\u2019Avenir Femmes, ainsi qu\u2019\u00e0 ses titres mondiaux pr\u00e9c\u00e9dents dans les cat\u00e9gories juniors. Cyclisme Canada f\u00e9licite chaleureusement Isabella Holmgren pour ses accomplissements exceptionnels et souligne la contribution de l\u2019ensemble de l\u2019\u00e9quipe canadienne pr\u00e9sente aux Championnats du Monde de v\u00e9lo de montagne.&nbsp;<\/p>\n\n\n\n<p>Pour consulter les r\u00e9sultats complets et les r\u00e9sum\u00e9s des courses, visitez <a href=\"https:\/\/www.valais2025.ch\/\" target=\"_blank\" rel=\"noreferrer noopener\">le site officiel des Championnats du Monde de V\u00e9lo de Montagne UCI.&nbsp;<\/a><\/p>\n","protected":false},"featured_media":73125,"template":"","meta":{"_acf_changed":false,"advanced_seo_description":"","jetpack_seo_html_title":"","jetpack_seo_noindex":false},"sport":[],"class_list":["post-73126","news","type-news","status-publish","has-post-thumbnail","hentry"],"acf":[],"jetpack_sharing_enabled":true,"_links":{"self":[{"href":"https:\/\/cyclingcanada.ca\/fr\/wp-json\/wp\/v2\/news\/73126","targetHints":{"allow":["GET"]}}],"collection":[{"href":"https:\/\/cyclingcanada.ca\/fr\/wp-json\/wp\/v2\/news"}],"about":[{"href":"https:\/\/cyclingcanada.ca\/fr\/wp-json\/wp\/v2\/types\/news"}],"wp:featuredmedia":[{"embeddable":true,"href":"https:\/\/cyclingcanada.ca\/fr\/wp-json\/wp\/v2\/media\/73125"}],"wp:attachment":[{"href":"https:\/\/cyclingcanada.ca\/fr\/wp-json\/wp\/v2\/media?parent=73126"}],"wp:term":[{"taxonomy":"sport","embeddable":true,"href":"https:\/\/cyclingcanada.ca\/fr\/wp-json\/wp\/v2\/sport?post=73126"}],"curies":[{"name":"wp","href":"https:\/\/api.w.org\/{rel}","templated":true}]}}