{"id":74993,"date":"2025-11-21T10:58:11","date_gmt":"2025-11-21T15:58:11","guid":{"rendered":"https:\/\/cyclingcanada.ca\/?post_type=news&#038;p=74993"},"modified":"2025-11-21T11:00:07","modified_gmt":"2025-11-21T16:00:07","slug":"cycling-canada-announces-nominations-open-for-the-2025-annual-awards","status":"publish","type":"news","link":"https:\/\/cyclingcanada.ca\/fr\/news\/cycling-canada-announces-nominations-open-for-the-2025-annual-awards\/","title":{"rendered":"CYCLISME CANADA ANNONCE L\u2019OUVERTURE DES MISES EN NOMINATION POUR LES PRIX ANNUELS 2025\u00a0"},"content":{"rendered":"\n<p><strong>OTTAWA, ON (21 novembre 2025) \u2013&nbsp;<\/strong>Cyclisme Canada est heureux d\u2019annoncer l\u2019ouverture des mises en nomination pour ses prestigieux Prix annuels 2025, qui visent \u00e0 reconna\u00eetre les personnes et les \u00e9v\u00e9nements extraordinaires ayant eu un impact significatif sur le cyclisme au Canada au cours de la derni\u00e8re ann\u00e9e. Alors que notre sport continue de cro\u00eetre et d\u2019\u00e9voluer, ces prix c\u00e9l\u00e8brent le d\u00e9vouement, l\u2019excellence et l\u2019esprit communautaire qui font progresser le cyclisme canadien.&nbsp;<\/p>\n\n\n\n<p>\u00ab Chaque ann\u00e9e, notre communaut\u00e9 d\u00e9montre ce qui est possible lorsque la passion, le travail acharn\u00e9 et le soutien collectif se rejoignent \u00bb, d\u00e9clare Mathieu Boucher, chef de la direction par int\u00e9rim de Cyclisme Canada. \u00ab Ces prix nous permettent de reconna\u00eetre non seulement les performances exceptionnelles \u00e0 v\u00e9lo, mais aussi les entra\u00eeneurs, les commissaires, les organisateurs et les innombrables collaborateurs qui contribuent \u00e0 b\u00e2tir notre sport depuis la base. Nous remercions tous les candidats, leurs partisans et toutes les personnes qui continuent de rendre le cyclisme au Canada si dynamique et inspirant. \u00bb&nbsp;<\/p>\n\n\n\n<p><strong>Prix et cat\u00e9gories&nbsp;<\/strong><br>Les Prix annuels 2025 comprendront des distinctions dans les cat\u00e9gories suivantes, sous r\u00e9serve de confirmation finale. Cliquez sur les liens ci-dessous pour soumettre une nomination\u202f:&nbsp;<\/p>\n\n\n\n<ul class=\"wp-block-list\">\n<li>Commissaire canadien international\/national de l\u2019ann\u00e9e*\u00a0<\/li>\n\n\n\n<li><a href=\"https:\/\/www.surveymonkey.com\/r\/82C5KJK\" target=\"_blank\" rel=\"noreferrer noopener\">Entra\u00eeneurs Championnats canadiens de l\u2019ann\u00e9e (toutes disciplines)<\/a>\u00a0<\/li>\n\n\n\n<li><a href=\"https:\/\/www.surveymonkey.com\/r\/82C5KJK\" target=\"_blank\" rel=\"noreferrer noopener\">Entra\u00eeneurs communautaires de l\u2019ann\u00e9e (homme et femme)<\/a>\u00a0<\/li>\n\n\n\n<li><a href=\"https:\/\/www.surveymonkey.com\/r\/Q888XPM\" target=\"_blank\" rel=\"noreferrer noopener\">\u00c9v\u00e9nements de l\u2019ann\u00e9e (diverses disciplines)<\/a>\u00a0<\/li>\n<\/ul>\n\n\n\n<p><strong>Dates importantes<\/strong>&nbsp;<\/p>\n\n\n\n<ul class=\"wp-block-list\">\n<li>Ouverture des nominations : Aujourd\u2019hui (21 novembre 2025)\u00a0<\/li>\n\n\n\n<li>Fermeture des nominations : 12 d\u00e9cembre 2025\u00a0<\/li>\n\n\n\n<li>Annonce des gagnants : 13 janvier 2026\u00a0<\/li>\n<\/ul>\n\n\n\n<p><strong>Qui peut soumettre une nomination?&nbsp;<\/strong><br>Tous les membres de nos organisations provinciales et territoriales sont invit\u00e9s \u00e0 soumettre leurs candidatures et \u00e0 contribuer \u00e0 mettre en valeur l\u2019excellence \u00e0 tous les niveaux du sport.&nbsp;<\/p>\n\n\n\n<p>*Le Commissaire de l\u2019ann\u00e9e ne peut \u00eatre nomin\u00e9 que par ses pairs et par le&nbsp;personnel de la f\u00e9d\u00e9ration provinciale \/ territoriale&nbsp;<\/p>\n\n\n\n<p><\/p>\n","protected":false},"featured_media":0,"template":"","meta":{"_acf_changed":false,"advanced_seo_description":"","jetpack_seo_html_title":"","jetpack_seo_noindex":false},"sport":[83],"class_list":["post-74993","news","type-news","status-publish","hentry","sport-general"],"acf":[],"jetpack_sharing_enabled":true,"_links":{"self":[{"href":"https:\/\/cyclingcanada.ca\/fr\/wp-json\/wp\/v2\/news\/74993","targetHints":{"allow":["GET"]}}],"collection":[{"href":"https:\/\/cyclingcanada.ca\/fr\/wp-json\/wp\/v2\/news"}],"about":[{"href":"https:\/\/cyclingcanada.ca\/fr\/wp-json\/wp\/v2\/types\/news"}],"wp:attachment":[{"href":"https:\/\/cyclingcanada.ca\/fr\/wp-json\/wp\/v2\/media?parent=74993"}],"wp:term":[{"taxonomy":"sport","embeddable":true,"href":"https:\/\/cyclingcanada.ca\/fr\/wp-json\/wp\/v2\/sport?post=74993"}],"curies":[{"name":"wp","href":"https:\/\/api.w.org\/{rel}","templated":true}]}}