{"id":75048,"date":"2025-11-25T13:48:56","date_gmt":"2025-11-25T18:48:56","guid":{"rendered":"https:\/\/cyclingcanada.ca\/?post_type=news&#038;p=75048"},"modified":"2025-11-25T13:49:11","modified_gmt":"2025-11-25T18:49:11","slug":"expression-dinteret-pour-les-comites-operationnels-de-cyclisme-canada-3","status":"publish","type":"news","link":"https:\/\/cyclingcanada.ca\/fr\/news\/expression-dinteret-pour-les-comites-operationnels-de-cyclisme-canada-3\/","title":{"rendered":"EXPRESSION D\u2019INT\u00c9R\u00caT POUR LES COMIT\u00c9S OP\u00c9RATIONNELS DE CYCLISME CANADA"},"content":{"rendered":"\n<p><strong>OTTAWA, ON (25 novembre 2025) \u2013&nbsp;<\/strong>Cyclisme Canada invite les personnes passionn\u00e9es \u00e0 poser leur candidature pour des postes au sein de ses Comit\u00e9s op\u00e9rationnels.<\/p>\n\n\n\n<p>Ces comit\u00e9s constituent une partie essentielle de la structure de gouvernance de Cyclisme Canada, en veillant \u00e0 ce que des perspectives diversifi\u00e9es \u00e9clairent les d\u00e9cisions ayant un impact sur les athl\u00e8tes, les entra\u00eeneurs, les officiels et l\u2019ensemble de la communaut\u00e9 cycliste. En partageant leur expertise et leurs id\u00e9es, les membres des comit\u00e9s contribuent \u00e0 la mission de l\u2019organisation\u202f: d\u00e9velopper et renforcer le cyclisme partout au Canada.<\/p>\n\n\n\n<p><strong>Comit\u00e9s actuellement \u00e0 la recherche de membres :<\/strong><\/p>\n\n\n\n<p><strong>Comit\u00e9 des \u00e9v\u00e9nements<\/strong><br>Fin de mandat : 4<br>Comment postuler : Envoyer le&nbsp;<a href=\"https:\/\/cyclingcanada.ca\/wp-content\/uploads\/2025\/11\/COMITE-DES-EVENEMENTS-DE-CYCLISME-CANADA.pdf\" target=\"_blank\" rel=\"noreferrer noopener\">Formulaire d\u2019auto\u2011\u00e9valuation des candidats au comit\u00e9 des \u00e9v\u00e9nements<\/a>&nbsp;\u00e0&nbsp;<a href=\"http:\/\/general@cyclingcanada.ca\/\" target=\"_blank\" rel=\"noreferrer noopener\">general@cyclingcanada.ca<\/a>&nbsp;avec l\u2019objet \u00ab Expression d\u2019int\u00e9r\u00eat \u2013 Comit\u00e9 \u00bb.<\/p>\n\n\n\n<p><strong>Comit\u00e9 des officiels<\/strong><br>Fin de mandat : 2<br>Comment postuler : Envoyer le&nbsp;<a href=\"https:\/\/cyclingcanada.ca\/wp-content\/uploads\/2025\/11\/COMITE-DES-OFFICIELS-DE-CYCLISME-CANADA.pdf\" target=\"_blank\" rel=\"noreferrer noopener\">Formulaire d\u2019auto\u2011\u00e9valuation des candidats au comit\u00e9 des officiels<\/a>&nbsp;\u00e0&nbsp;<a href=\"http:\/\/general@cyclingcanada.ca\/\" target=\"_blank\" rel=\"noreferrer noopener\">general@cyclingcanada.ca<\/a>&nbsp;avec l\u2019objet \u00ab Expression d\u2019int\u00e9r\u00eat \u2013 Comit\u00e9 \u00bb.<\/p>\n\n\n\n<p><strong>Comit\u00e9 du d\u00e9veloppement des entra\u00eeneurs<\/strong><br>Fin de mandat : 3<br>Comment postuler : Envoyer le&nbsp;<a href=\"https:\/\/cyclingcanada.ca\/wp-content\/uploads\/2025\/11\/COMITE-DU-DEVELOPPEMENT-DES-ENTRAINEURS-DE-CYCLISME-CANADA-FORMULAIRE-DAUTO-EVALUATION-DES-CANDIDATS.pdf\" target=\"_blank\" rel=\"noreferrer noopener\">Formulaire d\u2019auto\u2011\u00e9valuation des candidats au comit\u00e9 du d\u00e9veloppement des entra\u00eeneurs<\/a>&nbsp;\u00e0&nbsp;<a href=\"http:\/\/general@cyclingcanada.ca\/\" target=\"_blank\" rel=\"noreferrer noopener\">general@cyclingcanada.ca<\/a>&nbsp;avec l\u2019objet \u00ab Expression d\u2019int\u00e9r\u00eat \u2013 Comit\u00e9 \u00bb.<\/p>\n\n\n\n<p>Cyclisme Canada encourage les candidatures de personnes ayant une exp\u00e9rience pertinente, une expertise professionnelle et une passion pour le cyclisme. Les responsabilit\u00e9s d\u00e9taill\u00e9es des comit\u00e9s, les mandats et la matrice des comp\u00e9tences recherch\u00e9es chez les membres sont disponibles dans<a href=\"https:\/\/cyclingcanada.ca\/wp-content\/uploads\/2025\/11\/CC_Politique-sur-les-comites-operationnels.pdf\" target=\"_blank\" rel=\"noreferrer noopener\">&nbsp;la Politique de Cyclisme Canada sur les comit\u00e9s op\u00e9rationnels.<\/a><\/p>\n\n\n\n<p>La date limite pour soumettre une candidature est le 12 d\u00e9cembre 2025. Apr\u00e8s cette date, le personnel proc\u00e9dera \u00e0 l\u2019examen et \u00e0 l\u2019\u00e9valuation des candidatures afin d\u2019identifier les personnes id\u00e9ales pour chacun des comit\u00e9s. Les candidats retenus seront nomm\u00e9s pour un mandat de deux ans d\u00e9butant en janvier 2026. L\u2019engagement attendu des membres est de quelques heures par mois, principalement pour des r\u00e9unions par t\u00e9l\u00e9conf\u00e9rence, avec une ou deux rencontres en personne par ann\u00e9e.<\/p>\n","protected":false},"featured_media":0,"template":"","meta":{"_acf_changed":false,"advanced_seo_description":"","jetpack_seo_html_title":"","jetpack_seo_noindex":false},"sport":[83],"class_list":["post-75048","news","type-news","status-publish","hentry","sport-general"],"acf":[],"jetpack_sharing_enabled":true,"_links":{"self":[{"href":"https:\/\/cyclingcanada.ca\/fr\/wp-json\/wp\/v2\/news\/75048","targetHints":{"allow":["GET"]}}],"collection":[{"href":"https:\/\/cyclingcanada.ca\/fr\/wp-json\/wp\/v2\/news"}],"about":[{"href":"https:\/\/cyclingcanada.ca\/fr\/wp-json\/wp\/v2\/types\/news"}],"wp:attachment":[{"href":"https:\/\/cyclingcanada.ca\/fr\/wp-json\/wp\/v2\/media?parent=75048"}],"wp:term":[{"taxonomy":"sport","embeddable":true,"href":"https:\/\/cyclingcanada.ca\/fr\/wp-json\/wp\/v2\/sport?post=75048"}],"curies":[{"name":"wp","href":"https:\/\/api.w.org\/{rel}","templated":true}]}}