{"id":75281,"date":"2025-12-11T09:47:15","date_gmt":"2025-12-11T14:47:15","guid":{"rendered":"https:\/\/cyclingcanada.ca\/?post_type=news&#038;p=75281"},"modified":"2025-12-11T09:48:21","modified_gmt":"2025-12-11T14:48:21","slug":"cycling-canada-annonce-la-selection-pour-le-christmas-cross-annuel","status":"publish","type":"news","link":"https:\/\/cyclingcanada.ca\/fr\/news\/cycling-canada-annonce-la-selection-pour-le-christmas-cross-annuel\/","title":{"rendered":"CYCLING CANADA ANNONCE LA S\u00c9LECTION POUR LE CHRISTMAS CROSS ANNUEL\u00a0"},"content":{"rendered":"\n<p><strong>OTTAWA, ON (11 d\u00e9cembre 2025) \u2013&nbsp;<\/strong>Cyclisme Canada est fier d\u2019annoncer la s\u00e9lection des athl\u00e8tes qui repr\u00e9senteront le Canada lors du projet annuel Christmas Cross en Belgique, qui se d\u00e9roulera du 17 d\u00e9cembre 2025 au 5 janvier 2026. Le projet Christmas Cross offre aux athl\u00e8tes canadiens de cyclo\u2011cross une pr\u00e9cieuse exp\u00e9rience internationale de comp\u00e9tition durant le bloc des \u00e9preuves sanctionn\u00e9es par l\u2019UCI pendant la p\u00e9riode des F\u00eates.<\/p>\n\n\n\n<p>Au cours du projet, les athl\u00e8tes canadiens prendront part \u00e0 cinq manches de la Coupe du Monde UCI de cyclo-cross, notamment Antwerpen (20 d\u00e9cembre), Koksijde (21 d\u00e9cembre), Gavere (26 d\u00e9cembre), Dendermonde (28 d\u00e9cembre) et Zonhoven (4 janvier).&nbsp;En plus de ces \u00e9preuves phares, l\u2019\u00e9quipe s\u2019alignera sur plusieurs comp\u00e9titions UCI C1, telles que le Superprestige Zolder (23 d\u00e9cembre), Diegem (30 d\u00e9cembre), X\u00b20 Baal (1er janvier) et le Superprestige Gullegem (3 janvier)\u202f: un m\u00e9lange de parcours techniques, de courses nocturnes et de sites embl\u00e9matiques qui d\u00e9finissent le calendrier europ\u00e9en de cyclo-cross.<\/p>\n\n\n\n<p><strong>\u00c9quipe&nbsp;nationale&nbsp;Christmas Cross&nbsp;2025 :&nbsp;<\/strong><\/p>\n\n\n\n<ul class=\"wp-block-list\">\n<li>Alexa Haviland\u00a0<\/li>\n\n\n\n<li>Claire MacKinnon\u00a0<\/li>\n\n\n\n<li>Clare Hauber\u00a0<\/li>\n\n\n\n<li>Elly Moore\u00a0<\/li>\n\n\n\n<li>\u00c9milien\u00a0Belzile\u00a0<\/li>\n\n\n\n<li>Evan Moore\u00a0<\/li>\n\n\n\n<li>Farland Lamont\u00a0<\/li>\n\n\n\n<li>Grayson Franks\u00a0<\/li>\n\n\n\n<li>Nico Knoll\u00a0<\/li>\n\n\n\n<li>Rafaelle Carrier\u00a0<\/li>\n\n\n\n<li>Remi Brisbois\u00a0<\/li>\n<\/ul>\n\n\n\n<p>Michael Van Den Ham, responsable du cyclo\u2011cross chez Cyclisme Canada, a d\u00e9clar\u00e9\u202f: \u00ab\u202fNous sommes heureux d\u2019accueillir un autre solide groupe d\u2019athl\u00e8tes pour le Christmas Cross. Pour plusieurs, il s\u2019agit de leur premi\u00e8re occasion de courir en Europe \u00e0 un niveau mondial, et cette ann\u00e9e nous avons un excellent m\u00e9lange de nouveaux venus et de coureurs de retour. Nous avons h\u00e2te de les voir s\u2019aligner contre les meilleurs au monde, progresser tout au long du bloc et, comme c\u2019est toujours le cas au Christmas Cross, repartir en meilleurs coureurs qu\u2019\u00e0 leur arriv\u00e9e.\u202f\u00bb<br><br>Cycling&nbsp;Canada&nbsp;f\u00e9licite&nbsp;chaleureusement&nbsp;tous&nbsp;les&nbsp;athl\u00e8tes&nbsp;s\u00e9lectionn\u00e9s&nbsp;pour le&nbsp;projet&nbsp;de&nbsp;cette&nbsp;ann\u00e9e. Les partisans&nbsp;pourront&nbsp;suivre&nbsp;le&nbsp;parcours&nbsp;de&nbsp;l\u2019\u00e9quipe&nbsp;et les encourager gr\u00e2ce \u00e0 la couverture&nbsp;en&nbsp;direct sur&nbsp;<a href=\"https:\/\/www.flobikes.com\/signup?utm_medium=ppc&amp;utm_source=google&amp;utm_term=171900213482.c.flobikes&amp;utm_content=signup&amp;utm_campaign=flobikesbranded&amp;gad_source=1&amp;gad_campaignid=21902533345&amp;gbraid=0AAAAAD1xy-yNq0zvg8ELSUyk283-gDZI7&amp;gclid=Cj0KCQiAi9rJBhCYARIsALyPDtshRHH4R2lYDvBnEK4m7T85_iMK6METgYULqFUuXqJwK7y32GScWn8aAqguEALw_wcB\" rel=\"noreferrer noopener\" target=\"_blank\">Flo&nbsp;Bikes<\/a>&nbsp;ainsi&nbsp;que&nbsp;sur&nbsp;<a href=\"https:\/\/www.youtube.com\/playlist?list=PL7NFlV830crNLrY-8LsHhx32ciKT88_7P\" rel=\"noreferrer noopener\" target=\"_blank\">la&nbsp;cha\u00eene&nbsp;YouTube de&nbsp;l\u2019UCI.<\/a>&nbsp;<\/p>\n","protected":false},"featured_media":75282,"template":"","meta":{"_acf_changed":false,"advanced_seo_description":"","jetpack_seo_html_title":"","jetpack_seo_noindex":false},"sport":[65],"class_list":["post-75281","news","type-news","status-publish","has-post-thumbnail","hentry","sport-cyclo-cross-fr"],"acf":[],"jetpack_sharing_enabled":true,"_links":{"self":[{"href":"https:\/\/cyclingcanada.ca\/fr\/wp-json\/wp\/v2\/news\/75281","targetHints":{"allow":["GET"]}}],"collection":[{"href":"https:\/\/cyclingcanada.ca\/fr\/wp-json\/wp\/v2\/news"}],"about":[{"href":"https:\/\/cyclingcanada.ca\/fr\/wp-json\/wp\/v2\/types\/news"}],"wp:featuredmedia":[{"embeddable":true,"href":"https:\/\/cyclingcanada.ca\/fr\/wp-json\/wp\/v2\/media\/75282"}],"wp:attachment":[{"href":"https:\/\/cyclingcanada.ca\/fr\/wp-json\/wp\/v2\/media?parent=75281"}],"wp:term":[{"taxonomy":"sport","embeddable":true,"href":"https:\/\/cyclingcanada.ca\/fr\/wp-json\/wp\/v2\/sport?post=75281"}],"curies":[{"name":"wp","href":"https:\/\/api.w.org\/{rel}","templated":true}]}}