{"id":75690,"date":"2026-01-15T14:47:45","date_gmt":"2026-01-15T19:47:45","guid":{"rendered":"https:\/\/cyclingcanada.ca\/?post_type=news&#038;p=75690"},"modified":"2026-01-15T14:47:53","modified_gmt":"2026-01-15T19:47:53","slug":"cyclisme-canada-annonce-la-nomination-dun-nouveau-chef-de-la-direction","status":"publish","type":"news","link":"https:\/\/cyclingcanada.ca\/fr\/news\/cyclisme-canada-annonce-la-nomination-dun-nouveau-chef-de-la-direction\/","title":{"rendered":"CYCLISME CANADA ANNONCE LA NOMINATION D\u2019UN NOUVEAU CHEF DE LA DIRECTION"},"content":{"rendered":"\n<p><strong>OTTAWA, ON (15 janvier 2026) \u2013&nbsp;<\/strong>Cyclisme Canada a le plaisir d\u2019annoncer la nomination de Mathieu Boucher \u00e0 titre de nouveau chef de la direction.<\/p>\n\n\n\n<p>Leader d\u2019exp\u00e9rience et plus r\u00e9cemment chef de la direction par int\u00e9rim, Mathieu apporte un engagement ind\u00e9fectible envers notre mission, notre \u00e9quipe et notre communaut\u00e9, ainsi qu\u2019une connaissance approfondie de notre sport, de notre organisation et de notre \u00e9cosyst\u00e8me.&nbsp;Son exp\u00e9rience et sa passion pour le cyclisme et le d\u00e9veloppement du sport seront d\u00e9terminantes alors que nous continuons d\u2019inspirer les Canadiens \u00e0 rouler, d\u2019accro\u00eetre notre visibilit\u00e9 et notre&nbsp;engagement&nbsp;\u00e0 l\u2019\u00e9chelle nationale, et d\u2019offrir des programmes et des performances de classe&nbsp;mondiale, de&nbsp;l\u2019initiation&nbsp;communautaire jusqu\u2019aux podiums des plus grands \u00e9v\u00e9nements.<\/p>\n\n\n\n<p>\u00ab Il s\u2019agit d\u2019un moment important pour Cyclisme Canada, a d\u00e9clar\u00e9 Mark Collins, pr\u00e9sident du conseil d\u2019administration. Mathieu est un leader respect\u00e9 et digne de confiance, tant au niveau national qu\u2019international, qui comprend \u00e0 la fois la complexit\u00e9 de notre syst\u00e8me et les occasions qui s\u2019offrent \u00e0 nous. Sa vision, son \u00e9nergie et sa capacit\u00e9 \u00e0 rassembler les parties prenantes positionnent Cyclisme Canada pour consolider l\u2019\u00e9lan des derni\u00e8res ann\u00e9es et g\u00e9n\u00e9rer un impact significatif partout au pays. \u00bb<\/p>\n\n\n\n<p>\u00ab Je suis honor\u00e9 d\u2019assumer officiellement ce r\u00f4le, a affirm\u00e9 Mathieu Boucher.&nbsp;Cyclisme Canada repose sur des bases solides, port\u00e9e par un personnel passionn\u00e9, des b\u00e9n\u00e9voles d\u00e9vou\u00e9s, des partenaires provinciaux et territoriaux engag\u00e9s, et des athl\u00e8tes talentueux. J\u2019ai h\u00e2te de travailler ensemble pour renforcer notre organisation, faire cro\u00eetre notre sport et assurer que le cyclisme continue de prosp\u00e9rer, des programmes&nbsp;communautaires jusqu\u2019aux podiums internationaux. \u00bb<\/p>\n\n\n\n<p>L\u2019organisation envisage l\u2019avenir avec confiance, d\u00e9termin\u00e9e \u00e0 b\u00e2tir un \u00e9cosyst\u00e8me cycliste plus fort, plus connect\u00e9 et plus dynamique partout au Canada sous le leadership de Mathieu.<br><br><strong>Pour les demandes m\u00e9diatiques ou les occasions de partenariat:<\/strong><br>Josh Peacock<br>Directeur du d\u00e9veloppement des affaires et des communications<br>Josh.Peacock@cyclingcanada.ca<\/p>\n","protected":false},"featured_media":0,"template":"","meta":{"_acf_changed":false,"advanced_seo_description":"","jetpack_seo_html_title":"","jetpack_seo_noindex":false},"sport":[],"class_list":["post-75690","news","type-news","status-publish","hentry"],"acf":[],"jetpack_sharing_enabled":true,"_links":{"self":[{"href":"https:\/\/cyclingcanada.ca\/fr\/wp-json\/wp\/v2\/news\/75690","targetHints":{"allow":["GET"]}}],"collection":[{"href":"https:\/\/cyclingcanada.ca\/fr\/wp-json\/wp\/v2\/news"}],"about":[{"href":"https:\/\/cyclingcanada.ca\/fr\/wp-json\/wp\/v2\/types\/news"}],"wp:attachment":[{"href":"https:\/\/cyclingcanada.ca\/fr\/wp-json\/wp\/v2\/media?parent=75690"}],"wp:term":[{"taxonomy":"sport","embeddable":true,"href":"https:\/\/cyclingcanada.ca\/fr\/wp-json\/wp\/v2\/sport?post=75690"}],"curies":[{"name":"wp","href":"https:\/\/api.w.org\/{rel}","templated":true}]}}