{"id":75838,"date":"2026-01-27T11:43:55","date_gmt":"2026-01-27T16:43:55","guid":{"rendered":"https:\/\/cyclingcanada.ca\/?post_type=news&#038;p=75838"},"modified":"2026-01-27T11:43:57","modified_gmt":"2026-01-27T16:43:57","slug":"cyclisme-canada-annonce-la-selection-pour-les-championnats-du-monde-uci-de-cyclo-cross-2026-a-hulst","status":"publish","type":"news","link":"https:\/\/cyclingcanada.ca\/fr\/news\/cyclisme-canada-annonce-la-selection-pour-les-championnats-du-monde-uci-de-cyclo-cross-2026-a-hulst\/","title":{"rendered":"CYCLISME CANADA ANNONCE LA S\u00c9LECTION POUR LES CHAMPIONNATS DU MONDE UCI DE CYCLO\u2011CROSS 2026 \u00c0 HULST"},"content":{"rendered":"\n<p><strong>OTTAWA, ON (27 janvier 2026)<\/strong>&nbsp;\u2013 Cyclisme Canada est fier d\u2019annoncer la s\u00e9lection de quatorze athl\u00e8tes qui repr\u00e9senteront le pays aux Championnats du monde de cyclo-cross UCI 2026 \u00e0 Hulst, aux Pays-Bas, qui se d\u00e9rouleront du 30 janvier au 1er f\u00e9vrier 2026. La charmante ville de Hulst accueillera la 77e \u00e9dition des Championnats, proposant un parcours technique et une ambiance \u00e9lectrisante qui promettent un week-end de course inoubliable.<\/p>\n\n\n\n<p>Les athl\u00e8tes s\u00e9lectionn\u00e9s affronteront l\u2019\u00e9lite mondiale, alors que Rafa\u00eblle Carrier effectue un retour aux Championnats du monde apr\u00e8s sa m\u00e9daille de bronze l\u2019an dernier. Elle se joint \u00e0 un groupe exceptionnel de co\u00e9quipiers et co\u00e9quipi\u00e8res qui mettront de l\u2019avant leur talent, leur r\u00e9silience et leur esprit comp\u00e9titif face aux meilleurs athl\u00e8tes de la plan\u00e8te.<\/p>\n\n\n\n<p><strong>\u00c9quipe nationale \u2013 Championnats du monde UCI de cyclo\u2011cross 2026<\/strong><\/p>\n\n\n\n<ul class=\"wp-block-list\">\n<li>Alexa Haviland<\/li>\n\n\n\n<li>Claire MacKinnon<\/li>\n\n\n\n<li>Cody Scott<\/li>\n\n\n\n<li>Doroth\u00e9e Perron<\/li>\n\n\n\n<li>\u00c9milien Belzile<\/li>\n\n\n\n<li>Farland Lamont<\/li>\n\n\n\n<li>Grayson Franks<\/li>\n\n\n\n<li>Maghalie Rochette<\/li>\n\n\n\n<li>Mathis Duval<\/li>\n\n\n\n<li>Nico Knoll<\/li>\n\n\n\n<li>Rafa\u00eblle Carrier<\/li>\n\n\n\n<li>Rhett Bates<\/li>\n\n\n\n<li>Sagan Goertz<\/li>\n\n\n\n<li>Sidney McGill<\/li>\n<\/ul>\n\n\n\n<p>\u00ab Nous sommes ravis d&#8217;envoyer une autre \u00e9quipe canadienne solide aux Championnats du monde \u00e0 Hulst. Qu&#8217;il s&#8217;agisse d&#8217;athl\u00e8tes participant \u00e0 leurs premiers Championnats du monde ou de pr\u00e9tendants confirm\u00e9s aux m\u00e9dailles, ce groupe refl\u00e8te la profondeur et les progr\u00e8s du cyclocross canadien \u00bb, d\u00e9clare Michael Van Den Ham, responsable du cyclocross chez Cyclisme Canada. \u00ab Participer aux Championnats du monde est un moment important dans le d\u00e9veloppement d&#8217;un athl\u00e8te, et nous sommes fiers de les soutenir alors qu&#8217;ils repr\u00e9sentent le Canada sur la sc\u00e8ne mondiale. \u00bb<\/p>\n\n\n\n<p>Cyclisme Canada f\u00e9licite tous les athl\u00e8tes s\u00e9lectionn\u00e9s et invite les partisans \u00e0 suivre leur parcours \u00e0 Hulst. Les courses seront diffus\u00e9es en direct sur&nbsp;<a href=\"https:\/\/www.flobikes.com\/\" target=\"_blank\" rel=\"noreferrer noopener\">FloBikes<\/a>, et des mises \u00e0 jour seront partag\u00e9es sur les r\u00e9seaux&nbsp;<a href=\"https:\/\/www.instagram.com\/cyclingcanadaofficial\/?next=https%3A%2F%2Fwww.instagram.com%2Foauth%2Foidc%2F%3Fredirect_uri%3Dhttps%253A%252F%252Fbusiness.facebook.com%252Fbusiness%252Floginpage%252Figoidc%252Fcallback%252Fidtoken%252F%26app_id%3D532380490911317%26response_type%3Dcode%26scope%3Dopenid%26state%3D%257B%2522user_nonce%2522%253A%2522ATnF2tW0pK2VIAco7I_63q5H-9UiaNyY9ePO0vSHjsOluvUV10Y4_aUI40t3LoBHAUbUN5fia2Aw-oKUU2j6mHhNsB9lymgC9BtXwZkz%2522%252C%2522from_ig_login_upsell_sso%2522%253Afalse%252C%2522login_source%2522%253A%2522fbs_web%2522%252C%2522next%2522%253A%2522https%255Cu00253A%255Cu00252F%255Cu00252Fbusiness.facebook.com%255Cu00252F%255Cu00253Fnav_ref%255Cu00253Dbiz_unified_f3_login_page_to_mbs%255Cu002526biz_login_source%255Cu00253Dbiz_unified_f3_ig_oidc_pc_login_button%2522%252C%2522require_professional%2522%253Atrue%252C%2522create_business_manager%2522%253Atrue%252C%2522f3_request_id%2522%253A%2522e1eaf1ba-19cb-41db-bb75-069e9b1df316%2522%257D%26force_consent%3D0%26logger_id%3De1eaf1ba-19cb-41db-bb75-069e9b1df316%26force_authentication%3D0\" target=\"_blank\" rel=\"noreferrer noopener\">sociaux de Cyclisme Canada<\/a>. Pour plus de d\u00e9tails, veuillez consulter&nbsp;<a href=\"https:\/\/hulst2026.com\/\" target=\"_blank\" rel=\"noreferrer noopener\">le site officiel de l\u2019\u00e9v\u00e9nement<\/a>.<\/p>\n","protected":false},"featured_media":75837,"template":"","meta":{"_acf_changed":false,"advanced_seo_description":"","jetpack_seo_html_title":"","jetpack_seo_noindex":false},"sport":[65],"class_list":["post-75838","news","type-news","status-publish","has-post-thumbnail","hentry","sport-cyclo-cross-fr"],"acf":[],"jetpack_sharing_enabled":true,"_links":{"self":[{"href":"https:\/\/cyclingcanada.ca\/fr\/wp-json\/wp\/v2\/news\/75838","targetHints":{"allow":["GET"]}}],"collection":[{"href":"https:\/\/cyclingcanada.ca\/fr\/wp-json\/wp\/v2\/news"}],"about":[{"href":"https:\/\/cyclingcanada.ca\/fr\/wp-json\/wp\/v2\/types\/news"}],"wp:featuredmedia":[{"embeddable":true,"href":"https:\/\/cyclingcanada.ca\/fr\/wp-json\/wp\/v2\/media\/75837"}],"wp:attachment":[{"href":"https:\/\/cyclingcanada.ca\/fr\/wp-json\/wp\/v2\/media?parent=75838"}],"wp:term":[{"taxonomy":"sport","embeddable":true,"href":"https:\/\/cyclingcanada.ca\/fr\/wp-json\/wp\/v2\/sport?post=75838"}],"curies":[{"name":"wp","href":"https:\/\/api.w.org\/{rel}","templated":true}]}}