{"id":76667,"date":"2026-03-06T12:31:21","date_gmt":"2026-03-06T17:31:21","guid":{"rendered":"https:\/\/cyclingcanada.ca\/?post_type=news&#038;p=76667"},"modified":"2026-03-09T08:32:29","modified_gmt":"2026-03-09T12:32:29","slug":"cyclisme-canada-annonce-les-recipiendaires-des-prix-annuels-2025","status":"publish","type":"news","link":"https:\/\/cyclingcanada.ca\/fr\/news\/cyclisme-canada-annonce-les-recipiendaires-des-prix-annuels-2025\/","title":{"rendered":"CYCLISME\u00a0CANADA\u00a0ANNONCE\u00a0LES\u00a0R\u00c9CIPIENDAIRES\u00a0DES PRIX\u00a0ANNUELS\u00a02025\u00a0"},"content":{"rendered":"\n<p><strong>OTTAWA, ON (6 mars 2026)&nbsp;\u2013&nbsp;<\/strong>Cyclisme&nbsp;Canada est&nbsp;heureux&nbsp;d\u2019annoncer&nbsp;les&nbsp;r\u00e9cipiendaires&nbsp;des Prix&nbsp;annuels&nbsp;2025, qui&nbsp;soulignent&nbsp;les&nbsp;individus&nbsp;et les&nbsp;\u00e9v\u00e9nements&nbsp;ayant&nbsp;eu&nbsp;un impact&nbsp;majeur&nbsp;au sein de la&nbsp;communaut\u00e9&nbsp;cycliste&nbsp;au&nbsp;cours&nbsp;de la&nbsp;derni\u00e8re&nbsp;ann\u00e9e.&nbsp;<\/p>\n\n\n\n<p>\u00ab F\u00e9licitations aux laur\u00e9ats de nos prix annuels 2025 \u00bb, a d\u00e9clar\u00e9 Mathieu Boucher, directeur g\u00e9n\u00e9ral de Cyclisme Canada. \u00ab Les laur\u00e9ats de cette ann\u00e9e refl\u00e8tent l&#8217;engagement, l&#8217;excellence et la passion qui stimulent la croissance continue du cyclisme au Canada. Notre sport est plus fort gr\u00e2ce aux athl\u00e8tes, aux entra\u00eeneurs, aux officiels et aux organisateurs qui donnent si g\u00e9n\u00e9reusement de leur temps et de leur expertise. Merci \u00e0 tous les candidats, \u00e0 ceux qui les ont propos\u00e9s et \u00e0 tous ceux qui ont contribu\u00e9 au succ\u00e8s de la saison cycliste 2025. \u00bb<\/p>\n\n\n\n<p><strong>Les&nbsp;r\u00e9cipiendaires&nbsp;des Prix&nbsp;annuels&nbsp;2025&nbsp;sont&nbsp;:&nbsp;<\/strong><\/p>\n\n\n\n<p><strong>Commissaire&nbsp;internationale&nbsp;canadienne de&nbsp;l\u2019ann\u00e9e<\/strong>&nbsp;<\/p>\n\n\n\n<p>Nathalie Pronovost&nbsp;<\/p>\n\n\n\n<p><strong>Commissaire&nbsp;nationale&nbsp;canadienne de&nbsp;l\u2019ann\u00e9e&nbsp;<\/strong><\/p>\n\n\n\n<p>Fran\u00e7ois Levesque&nbsp;<\/p>\n\n\n\n<p><strong>Entra\u00eeneurs&nbsp;communautaires&nbsp;de&nbsp;l\u2019ann\u00e9e&nbsp;<\/strong><\/p>\n\n\n\n<p>Greg Douglas \u2013 Ottawa (Ontario)&nbsp;<\/p>\n\n\n\n<p>Susanne McArthur \u2013 Cochrane (Alberta)&nbsp;<\/p>\n\n\n\n<p><strong>Entra\u00eeneurs&nbsp;de&nbsp;championnat&nbsp;de&nbsp;l\u2019ann\u00e9e&nbsp;<\/strong><\/p>\n\n\n\n<p>V\u00e9lo de&nbsp;montagne&nbsp;XCO\/Route :&nbsp;Andrew Watson \u2013 Orillia (Ontario)&nbsp;<\/p>\n\n\n\n<p>V\u00e9lo de&nbsp;montagne&nbsp;DH :&nbsp;Ash Jones \u2013 Whistler (Colombie-Britannique)&nbsp;<\/p>\n\n\n\n<p><strong>\u00c9v\u00e9nements&nbsp;de&nbsp;l\u2019ann\u00e9e&nbsp;<\/strong><\/p>\n\n\n\n<p>Route :&nbsp;Tour de&nbsp;l\u2019Abitibi&nbsp;Femmes \u2013 Val-d\u2019Or (Qu\u00e9bec)&nbsp;<\/p>\n\n\n\n<p>BMX :&nbsp;Coupe Canada Haut-Richelieu \u2013 Saint-Jean-sur-Richelieu (Qu\u00e9bec)&nbsp;<\/p>\n\n\n\n<p>V\u00e9lo de&nbsp;montagne&nbsp;: Coupe Canada Brookvale \u2013 Charlottetown (\u00ce.-P.-\u00c9.)&nbsp;<\/p>\n\n\n\n<p>Championnat&nbsp;canadien&nbsp;:&nbsp;Championnats&nbsp;canadiens&nbsp;de cyclo-cross \u2013 L\u00e9vis (Qu\u00e9bec)&nbsp;<\/p>\n\n\n\n<p>\u00c9v\u00e9nement&nbsp;international&nbsp;majeur&nbsp;: Coupe du monde UCI de&nbsp;v\u00e9lo&nbsp;de&nbsp;montagne&nbsp;\u2013 Mont-Sainte-Anne (Qu\u00e9bec)&nbsp;<\/p>\n\n\n\n<p><strong>Troph\u00e9e du&nbsp;pr\u00e9sident&nbsp;<\/strong><\/p>\n\n\n\n<p>Jackson Goldstone \u2013 Squamish (Colombie-Britannique)&nbsp;<\/p>\n\n\n\n<p><strong>Prix Russ Copeland&nbsp;<\/strong><\/p>\n\n\n\n<p>Lucas Zhou \u2013 Surrey,&nbsp;(Colombie-Britannique)&nbsp;<\/p>\n\n\n\n<p>Les r\u00e9cipiendaires des prix Commissaire de l\u2019ann\u00e9e ont \u00e9t\u00e9 nomm\u00e9s par leurs pairs et par leur organisme provincial ou territorial de sport (OPTS) pour leurs r\u00e9alisations exceptionnelles, leurs contributions et leurs affectations lors d\u2019\u00e9v\u00e9nements locaux, nationaux et internationaux. Avec 35 ans d\u2019exp\u00e9rience, Nathalie Pronovost re\u00e7oit le prix de Commissaire internationale de l\u2019ann\u00e9e gr\u00e2ce \u00e0 une s\u00e9rie d\u2019accomplissements sur la sc\u00e8ne mondiale. Elle a agi comme commissaire en chef aux Championnats du monde de v\u00e9lo de montagne UCI 2025 et \u00e9tait la seule commissaire nord-am\u00e9ricaine au panel olympique de v\u00e9lo de montagne aux Jeux olympiques de Paris 2024. Fran\u00e7ois Levesque est nomm\u00e9 Commissaire national de l\u2019ann\u00e9e pour ses 16 ann\u00e9es de service d\u00e9vou\u00e9, particuli\u00e8rement en BMX. Affect\u00e9 \u00e0 la majorit\u00e9 des comp\u00e9titions nationales de BMX, il a form\u00e9 15 commissaires provinciaux et offert une formation annuelle de mise \u00e0 jour \u00e0 36 officiels, dont trois ont ensuite acc\u00e9d\u00e9 au niveau national.<\/p>\n\n\n\n<p>Les entra\u00eeneurs communautaires de l\u2019ann\u00e9e ont \u00e9t\u00e9 nomm\u00e9s par des membres de leur communaut\u00e9 et soutenus par leur OPTS. Repr\u00e9sentant l\u2019Ottawa Bicycle Club, Greg Douglas consacre depuis 15 ans son temps au programme\u202fFundamentals Road\u202fet au programme de cyclocross U12, entra\u00eenant des jeunes de 6 \u00e0 11 ans au printemps, en \u00e9t\u00e9 et \u00e0 l\u2019automne. Il agit comme mentor aupr\u00e8s d\u2019entra\u00eeneurs adjoints, soutient la s\u00e9rie de cyclocross de l\u2019Est ontarien et aide les familles \u00e0 trouver de l\u2019\u00e9quipement abordable pour les jeunes cyclistes. Susanne McArthur a fond\u00e9 l\u2019\u00e9quipe\u202fC4XC Youth Performance Cycling Team\u202fapr\u00e8s avoir constat\u00e9 un manque de programmes de d\u00e9veloppement dans sa communaut\u00e9. En seulement un an, elle a rempli toutes les places disponibles dans ses groupes ax\u00e9s sur les habilet\u00e9s et la comp\u00e9tition, d\u00e9montrant sa capacit\u00e9 remarquable \u00e0 cr\u00e9er un environnement inclusif et \u00e0 favoriser la croissance du sport \u00e0 la base.<br><br>Les r\u00e9cipiendaires ont \u00e9t\u00e9 s\u00e9lectionn\u00e9s \u00e0 partir de mises en nomination appuy\u00e9es par les athl\u00e8tes ou \u00e9quipes ayant remport\u00e9 un titre de Championnat canadien en 2025. Andrew Watson est reconnu pour son approche holistique et multidisciplinaire qui a permis \u00e0 l\u2019athl\u00e8te Josh Tyers de remporter deux titres nationaux, menant \u00e0 sa s\u00e9lection chez&nbsp;Hot Tubes, partenaire de d\u00e9veloppement junior d\u2019INEOS Grenadiers. Ash Jones, membre de l&#8217;\u00e9quipe Instinct&nbsp;Development&nbsp;en Colombie-Britannique, apporte son expertise de haut niveau depuis sa base au Whistler Bike Park. Il combine pr\u00e9cision technique et concentration mentale pour former la prochaine g\u00e9n\u00e9ration de cyclistes, dont Charlotte Gadbois&nbsp;Schuett, qui est mont\u00e9e sur le podium lors des Championnats canadiens d&#8217;enduro \u00e0 Bromont, au Qu\u00e9bec.&nbsp;<\/p>\n\n\n\n<p>Les r\u00e9cipiendaires ont \u00e9t\u00e9 choisis \u00e0 partir d\u2019un vote combinant participation du public et \u00e9valuation interne, mettant en lumi\u00e8re les \u00e9v\u00e9nements ayant surpass\u00e9 les attentes en mati\u00e8re d\u2019op\u00e9rations, d\u2019ambiance et d\u2019exp\u00e9rience globale. Les Championnats canadiens de cyclo-cross \u00e0 L\u00e9vis ont \u00e9t\u00e9 honor\u00e9s pour une troisi\u00e8me ann\u00e9e cons\u00e9cutive, t\u00e9moignant de l\u2019engagement exceptionnel des organisateurs \u00e0 offrir une exp\u00e9rience remarquable aux athl\u00e8tes et aux spectateurs.<\/p>\n\n\n\n<p>Jackson Goldstone re\u00e7oit le Troph\u00e9e du pr\u00e9sident pour la meilleure performance lors d\u2019un Championnat du monde, tel que vot\u00e9 par les membres de l\u2019\u00e9quipe nationale. \u00c0 22 ans, il a sign\u00e9 l\u2019une des descentes les plus m\u00e9morables de l\u2019histoire r\u00e9cente des Championnats du monde de v\u00e9lo de montagne, remportant son premier titre mondial \u00e9lite en descente aux Mondiaux UCI 2025 en Suisse. Ce r\u00e9sultat couronne une saison dominante o\u00f9 il a \u00e9galement remport\u00e9 le classement g\u00e9n\u00e9ral de la Coupe du monde de descente UCI.<br><br>Lucas Zhou, \u00e2g\u00e9 de 17 ans, est honor\u00e9 pour la meilleure performance junior. Aux Championnats du monde de BMX Racing UCI 2025 \u00e0 Copenhague, il est pass\u00e9 de la huiti\u00e8me place \u00e0 la sortie de la grille \u00e0 la troisi\u00e8me place \u00e0 l\u2019arriv\u00e9e de la finale junior masculine, d\u00e9crochant la m\u00e9daille de bronze et illustrant la force de la rel\u00e8ve canadienne en BMX.<\/p>\n","protected":false},"featured_media":76666,"template":"","meta":{"_acf_changed":false,"advanced_seo_description":"","jetpack_seo_html_title":"","jetpack_seo_noindex":false},"sport":[83],"class_list":["post-76667","news","type-news","status-publish","has-post-thumbnail","hentry","sport-general"],"acf":[],"jetpack_sharing_enabled":true,"_links":{"self":[{"href":"https:\/\/cyclingcanada.ca\/fr\/wp-json\/wp\/v2\/news\/76667","targetHints":{"allow":["GET"]}}],"collection":[{"href":"https:\/\/cyclingcanada.ca\/fr\/wp-json\/wp\/v2\/news"}],"about":[{"href":"https:\/\/cyclingcanada.ca\/fr\/wp-json\/wp\/v2\/types\/news"}],"wp:featuredmedia":[{"embeddable":true,"href":"https:\/\/cyclingcanada.ca\/fr\/wp-json\/wp\/v2\/media\/76666"}],"wp:attachment":[{"href":"https:\/\/cyclingcanada.ca\/fr\/wp-json\/wp\/v2\/media?parent=76667"}],"wp:term":[{"taxonomy":"sport","embeddable":true,"href":"https:\/\/cyclingcanada.ca\/fr\/wp-json\/wp\/v2\/sport?post=76667"}],"curies":[{"name":"wp","href":"https:\/\/api.w.org\/{rel}","templated":true}]}}