{"id":77925,"date":"2026-04-29T13:09:03","date_gmt":"2026-04-29T17:09:03","guid":{"rendered":"https:\/\/cyclingcanada.ca\/?post_type=news&#038;p=77925"},"modified":"2026-04-29T13:11:29","modified_gmt":"2026-04-29T17:11:29","slug":"cycling-canada-devoile-les-equipes-du-projet-europeen-de-printemps-pour-juniors-bill-buckley","status":"publish","type":"news","link":"https:\/\/cyclingcanada.ca\/fr\/news\/cycling-canada-devoile-les-equipes-du-projet-europeen-de-printemps-pour-juniors-bill-buckley\/","title":{"rendered":"CYCLING CANADA D\u00c9VOILE LES \u00c9QUIPES DU PROJET EUROP\u00c9EN DE PRINTEMPS POUR JUNIORS BILL BUCKLEY"},"content":{"rendered":"\n<p><strong>OTTAWA, ON (29 avril 2026) &#8211;&nbsp;<\/strong>Cyclisme Canada a le plaisir d\u2019annoncer la liste des athl\u00e8tes s\u00e9lectionn\u00e9s pour repr\u00e9senter le Canada dans le cadre du projet europ\u00e9en de printemps Bill Buckley pour les juniors, une initiative de d\u00e9veloppement con\u00e7ue pour offrir aux coureurs juniors une exp\u00e9rience de comp\u00e9tition internationale enrichissante en Belgique, en R\u00e9publique tch\u00e8que et en France ce printemps.<\/p>\n\n\n\n<p>Enti\u00e8rement financ\u00e9 par le don historique de 200 000 $ de Bill Buckley, ce projet \u00e9largit les possibilit\u00e9s de comp\u00e9tition pour la prochaine g\u00e9n\u00e9ration de cyclistes canadiens, en leur offrant une immersion dans des environnements de course qui favorisent le d\u00e9veloppement \u00e0 long terme des athl\u00e8tes.<\/p>\n\n\n\n<figure class=\"wp-block-image aligncenter size-large is-resized\"><img loading=\"lazy\" decoding=\"async\" width=\"1280\" height=\"796\" src=\"https:\/\/cyclingcanada.ca\/wp-content\/uploads\/2026\/04\/hi-1-1280x796.jpg\" alt=\"\" class=\"wp-image-77927\" style=\"aspect-ratio:1.608070809936233;width:495px;height:auto\" srcset=\"https:\/\/cyclingcanada.ca\/wp-content\/uploads\/2026\/04\/hi-1-1280x796.jpg 1280w, https:\/\/cyclingcanada.ca\/wp-content\/uploads\/2026\/04\/hi-1-640x398.jpg 640w, https:\/\/cyclingcanada.ca\/wp-content\/uploads\/2026\/04\/hi-1-768x478.jpg 768w, https:\/\/cyclingcanada.ca\/wp-content\/uploads\/2026\/04\/hi-1-1536x956.jpg 1536w, https:\/\/cyclingcanada.ca\/wp-content\/uploads\/2026\/04\/hi-1-2048x1274.jpg 2048w\" sizes=\"auto, (max-width: 1280px) 100vw, 1280px\" \/><\/figure>\n\n\n\n<p>Le projet junior masculin participera \u00e0 deux grandes \u00e9preuves europ\u00e9ennes en R\u00e9publique tch\u00e8que : le Grand Prix de Boh\u00eame occidentale (2-3 mai) et la Course de la Paix Juniors (7-10 mai). Le projet chez les juniors femmes participera \u00e0 une kermesse belge (2-3 mai), \u00e0 l\u2019In Flanders Fields \u2013 Middelkerke\u2013Wevelgem (10 mai) et au Tour du G\u00e9vaudan Occitanie Femmes (16-17 mai), une course de deux jours en France.<\/p>\n\n\n\n<p>Le projet Bill Buckley Junior Spring European repr\u00e9sente un investissement consid\u00e9rable dans le parcours de formation des juniors au Canada, renfor\u00e7ant ainsi les bases pour les athl\u00e8tes qui se dirigent vers les comp\u00e9titions internationales U23 et de haut niveau. Cyclisme Canada tient \u00e0 exprimer sa sinc\u00e8re gratitude \u00e0 Bill Buckley pour son leadership et sa g\u00e9n\u00e9rosit\u00e9 sans faille dans le soutien de l\u2019avenir du cyclisme canadien, et pour avoir rendu cette opportunit\u00e9 possible pour nos athl\u00e8tes.<\/p>\n\n\n\n<figure class=\"wp-block-gallery has-nested-images columns-default is-cropped wp-block-gallery-1 is-layout-flex wp-block-gallery-is-layout-flex\">\n<figure class=\"wp-block-image size-large\"><img loading=\"lazy\" decoding=\"async\" width=\"1280\" height=\"1600\" data-id=\"77929\" src=\"https:\/\/cyclingcanada.ca\/wp-content\/uploads\/2026\/04\/3-2-1280x1600.png\" alt=\"\" class=\"wp-image-77929\" srcset=\"https:\/\/cyclingcanada.ca\/wp-content\/uploads\/2026\/04\/3-2-1280x1600.png 1280w, https:\/\/cyclingcanada.ca\/wp-content\/uploads\/2026\/04\/3-2-640x800.png 640w, https:\/\/cyclingcanada.ca\/wp-content\/uploads\/2026\/04\/3-2-768x960.png 768w, https:\/\/cyclingcanada.ca\/wp-content\/uploads\/2026\/04\/3-2-1229x1536.png 1229w, https:\/\/cyclingcanada.ca\/wp-content\/uploads\/2026\/04\/3-2-1638x2048.png 1638w, https:\/\/cyclingcanada.ca\/wp-content\/uploads\/2026\/04\/3-2-scaled.png 2048w\" sizes=\"auto, (max-width: 1280px) 100vw, 1280px\" \/><\/figure>\n\n\n\n<figure class=\"wp-block-image size-large\"><img loading=\"lazy\" decoding=\"async\" width=\"1280\" height=\"1600\" data-id=\"77930\" src=\"https:\/\/cyclingcanada.ca\/wp-content\/uploads\/2026\/04\/4-2-1280x1600.png\" alt=\"\" class=\"wp-image-77930\" srcset=\"https:\/\/cyclingcanada.ca\/wp-content\/uploads\/2026\/04\/4-2-1280x1600.png 1280w, https:\/\/cyclingcanada.ca\/wp-content\/uploads\/2026\/04\/4-2-640x800.png 640w, https:\/\/cyclingcanada.ca\/wp-content\/uploads\/2026\/04\/4-2-768x960.png 768w, https:\/\/cyclingcanada.ca\/wp-content\/uploads\/2026\/04\/4-2-1229x1536.png 1229w, https:\/\/cyclingcanada.ca\/wp-content\/uploads\/2026\/04\/4-2-1638x2048.png 1638w, https:\/\/cyclingcanada.ca\/wp-content\/uploads\/2026\/04\/4-2-scaled.png 2048w\" sizes=\"auto, (max-width: 1280px) 100vw, 1280px\" \/><\/figure>\n<\/figure>\n\n\n\n<p><strong>Liste des joueuses \u2013 Juniors femmes<\/strong><\/p>\n\n\n\n<ul class=\"wp-block-list\">\n<li>Amos Scott Bouris&nbsp;<\/li>\n<\/ul>\n\n\n\n<ul class=\"wp-block-list\">\n<li>Carter De Veer&nbsp;<\/li>\n<\/ul>\n\n\n\n<ul class=\"wp-block-list\">\n<li>C\u00e9dric Fiset&nbsp;<\/li>\n<\/ul>\n\n\n\n<ul class=\"wp-block-list\">\n<li>Julien B\u00e9langer&nbsp;<\/li>\n<\/ul>\n\n\n\n<ul class=\"wp-block-list\">\n<li>M\u00e9d\u00e9ric Fortin&nbsp;<\/li>\n<\/ul>\n\n\n\n<ul class=\"wp-block-list\">\n<li>Simon Gaudreault&nbsp;<\/li>\n<\/ul>\n\n\n\n<ul class=\"wp-block-list\">\n<li>Zachari Moreau&nbsp;<\/li>\n<\/ul>\n\n\n\n<p><strong>Liste des joueurs &#8211; Juniors hommes<\/strong><\/p>\n\n\n\n<ul class=\"wp-block-list\">\n<li>Elly Moore&nbsp;<\/li>\n<\/ul>\n\n\n\n<ul class=\"wp-block-list\">\n<li>Elodie&nbsp;Malois&nbsp;<\/li>\n<\/ul>\n\n\n\n<ul class=\"wp-block-list\">\n<li>\u00c9milie Tessier&nbsp;<\/li>\n<\/ul>\n\n\n\n<ul class=\"wp-block-list\">\n<li>Eve&nbsp;Buczkowski&nbsp;<\/li>\n<\/ul>\n\n\n\n<ul class=\"wp-block-list\">\n<li>Julia Lehmann&nbsp;<\/li>\n<\/ul>\n\n\n\n<ul class=\"wp-block-list\">\n<li>L\u00e9a de Broeck&nbsp;<\/li>\n<\/ul>\n\n\n\n<p>Le projet europ\u00e9en de printemps Bill Buckley Junior repr\u00e9sente un investissement consid\u00e9rable dans le parcours des jeunes athl\u00e8tes canadiens, consolidant ainsi les bases n\u00e9cessaires \u00e0 leur progression vers les comp\u00e9titions internationales de niveau U23 et d&#8217;\u00e9lite. Cyclisme Canada tient \u00e0 exprimer sa sinc\u00e8re gratitude \u00e0 Bill Buckley pour son leadership et sa g\u00e9n\u00e9rosit\u00e9 sans faille dans le soutien apport\u00e9 \u00e0 l&#8217;avenir du cyclisme canadien, ainsi que pour avoir rendu cette opportunit\u00e9 possible pour nos athl\u00e8tes. Pour suivre l&#8217;actualit\u00e9 du projet, veuillez suivre les r\u00e9seaux sociaux de <a href=\"https:\/\/www.instagram.com\/cyclingcanadaofficial\/\" data-type=\"link\" data-id=\"https:\/\/www.instagram.com\/cyclingcanadaofficial\/\">Cyclisme Canada<\/a>.<\/p>\n","protected":false},"featured_media":77931,"template":"","meta":{"_acf_changed":false,"advanced_seo_description":"","jetpack_seo_html_title":"","jetpack_seo_noindex":false},"sport":[68],"class_list":["post-77925","news","type-news","status-publish","has-post-thumbnail","hentry","sport-route"],"acf":[],"jetpack_sharing_enabled":true,"_links":{"self":[{"href":"https:\/\/cyclingcanada.ca\/fr\/wp-json\/wp\/v2\/news\/77925","targetHints":{"allow":["GET"]}}],"collection":[{"href":"https:\/\/cyclingcanada.ca\/fr\/wp-json\/wp\/v2\/news"}],"about":[{"href":"https:\/\/cyclingcanada.ca\/fr\/wp-json\/wp\/v2\/types\/news"}],"wp:featuredmedia":[{"embeddable":true,"href":"https:\/\/cyclingcanada.ca\/fr\/wp-json\/wp\/v2\/media\/77931"}],"wp:attachment":[{"href":"https:\/\/cyclingcanada.ca\/fr\/wp-json\/wp\/v2\/media?parent=77925"}],"wp:term":[{"taxonomy":"sport","embeddable":true,"href":"https:\/\/cyclingcanada.ca\/fr\/wp-json\/wp\/v2\/sport?post=77925"}],"curies":[{"name":"wp","href":"https:\/\/api.w.org\/{rel}","templated":true}]}}