{"id":80579,"date":"2026-08-30T12:35:08","date_gmt":"2026-08-30T16:35:08","guid":{"rendered":"https:\/\/cyclingcanada.ca\/?post_type=news&#038;p=80579"},"modified":"2026-08-30T12:59:56","modified_gmt":"2026-08-30T16:59:56","slug":"medaille-de-bronze-en-xco-hommes-elite-pour-cole-punchard-aux-championnats-du-monde","status":"publish","type":"news","link":"https:\/\/cyclingcanada.ca\/fr\/news\/medaille-de-bronze-en-xco-hommes-elite-pour-cole-punchard-aux-championnats-du-monde\/","title":{"rendered":"M\u00c9DAILLE DE BRONZE EN XCO HOMMES \u00c9LITE POUR COLE PUNCHARD AUX CHAMPIONNATS DU MONDE"},"content":{"rendered":"\n<p class=\"wp-block-paragraph\"><strong>OTTAWA, ON (30 ao\u00fbt 2026)<\/strong>&nbsp;\u2013 Cyclisme Canada est ravi de souligner la performance exceptionnelle de la vedette du XCO, Cole Punchard, qui a r\u00e9alis\u00e9 une course remarquable aujourd&#8217;hui en d\u00e9crochant la m\u00e9daille de bronze dans l&#8217;\u00e9preuve olympique de cross-country (XCO) masculin \u00e9lite aux Championnats du monde de v\u00e9lo de montagne de l&#8217;UCI 2026.<\/p>\n\n\n\n<figure class=\"wp-block-image aligncenter size-full is-resized\"><img loading=\"lazy\" decoding=\"async\" width=\"1200\" height=\"800\" src=\"https:\/\/cyclingcanada.ca\/wp-content\/uploads\/2026\/08\/ES017992.jpg\" alt=\"\" class=\"wp-image-80580\" style=\"width:573px;height:auto\" srcset=\"https:\/\/cyclingcanada.ca\/wp-content\/uploads\/2026\/08\/ES017992.jpg 1200w, https:\/\/cyclingcanada.ca\/wp-content\/uploads\/2026\/08\/ES017992-640x427.jpg 640w, https:\/\/cyclingcanada.ca\/wp-content\/uploads\/2026\/08\/ES017992-768x512.jpg 768w\" sizes=\"auto, (max-width: 1200px) 100vw, 1200px\" \/><\/figure>\n\n\n\n<p class=\"wp-block-paragraph\">Parti en t\u00eate du peloton, Punchard a fait preuve d\u2019une d\u00e9termination et d\u2019une r\u00e9silience remarquables tout au long de la course. En se hissant en t\u00eate d\u00e8s le premier tour, Cole s\u2019est impos\u00e9 dans le groupe de t\u00eate compos\u00e9 de huit coureurs. Apr\u00e8s avoir \u00e9t\u00e9 distanc\u00e9 par ce groupe \u00e0 mi-course, il s\u2019est battu pour revenir en t\u00eate et a d\u00e9croch\u00e9 la m\u00e9daille de bronze. Cette troisi\u00e8me place marque une \u00e9tape importante dans sa transition de coureur U23 hors pair \u00e0 comp\u00e9titeur d&#8217;\u00e9lite de classe mondiale. La solide saison 2026 de Punchard a notamment \u00e9t\u00e9 marqu\u00e9e par une septi\u00e8me place \u00e0 la Coupe du monde de VTT UCI \u00e0 YongPyong, une neuvi\u00e8me place aux Gets et une m\u00e9daille d&#8217;argent dans l&#8217;\u00e9preuve XCO masculine \u00e9lite aux Championnats nationaux canadiens.<\/p>\n\n\n\n<p class=\"wp-block-paragraph\">Avant de monter sur un podium \u00e9lite, Punchard a connu une brillante carri\u00e8re chez les U23, notamment marqu\u00e9e par une&nbsp;<a href=\"https:\/\/cyclingcanada.ca\/fr\/news\/grande-nouvelle-cole-punchard-decroche-largent-en-u23-xco-aux-championnats-du-monde-a-crans-montana\/\" target=\"_blank\" rel=\"noreferrer noopener\">m\u00e9daille d&#8217;argent en XCO U23<\/a>&nbsp;ainsi qu&#8217;une&nbsp;<a href=\"https:\/\/cyclingcanada.ca\/fr\/news\/grande-nouvelle-holmgren-en-or-jackson-et-punchard-en-bronze-aux-championnats-du-monde-de-velo-de-montagne-uci-2025-a-zermatt\/\" target=\"_blank\" rel=\"noreferrer noopener\">m\u00e9daille de bronze en XCC U23<\/a>&nbsp;aux Championnats du monde de v\u00e9lo de montagne de l&#8217;UCI 2025. Champion canadien \u00e0 plusieurs reprises et auteur de plusieurs podiums en Coupe du monde, l&#8217;athl\u00e8te de 22 ans originaire de Novar, en Ontario, qui \u00e9volue au sein de l&#8217;\u00e9quipe Cannondale Factory Racing, a rapidement gravi les \u00e9chelons pour devenir l&#8217;un des principaux sp\u00e9cialistes canadiens du v\u00e9lo de montagne.<\/p>\n\n\n\n<p class=\"wp-block-paragraph\">Revenant sur sa d\u00e9cision de courir dans la cat\u00e9gorie \u00e9lite aux Championnats canadiens en 2025 alors qu&#8217;il \u00e9tait toujours admissible \u00e0 la cat\u00e9gorie U23, Punchard a d\u00e9clar\u00e9 : \u00ab C&#8217;\u00e9tait un peu intimidant, parce qu&#8217;au fond, vous savez que vous allez vous faire malmener pendant toute une ann\u00e9e \u00bb, a-t-il confi\u00e9 \u00e0&nbsp;<a href=\"https:\/\/cyclingmagazine.ca\/mtb\/cole-punchards-ascent-from-novar-to-the-national-champs-podium\/\" target=\"_blank\" rel=\"noreferrer noopener\">Canadian Cycling Magazine<\/a>. \u00ab Mais je pensais qu&#8217;\u00e0 long terme, ce serait meilleur pour moi. Alors je me suis engag\u00e9 \u00e0 fond dans cette voie. \u00bb Apr\u00e8s avoir disput\u00e9 toute la saison 2025 chez les \u00e9lites, malgr\u00e9 un retour chez les U23 pour les Championnats du monde, cet engagement a port\u00e9 ses fruits. Il a franchi la ligne d&#8217;arriv\u00e9e des Mondiaux en 1 h 25 min 57 s, \u00e0 seulement 31 secondes du m\u00e9daill\u00e9 d&#8217;or Thomas Pidcock.<\/p>\n\n\n\n<p class=\"wp-block-paragraph\">Son m\u00e9daille de bronze marque un jalon important dans la carri\u00e8re de Punchard, qui devient le premier Canadien chez les hommes \u00e9lites \u00e0 remporter une m\u00e9daille en XCO aux Championnats du monde de v\u00e9lo de montagne depuis l&#8217;argent de Ryder Hesjedal en 2003. Cyclisme Canada f\u00e9licite Punchard pour cette performance exceptionnelle et souligne son succ\u00e8s continu sur la sc\u00e8ne internationale. Pour consulter l&#8217;int\u00e9gralit\u00e9 des r\u00e9sultats, rendez-vous sur\u00a0<a href=\"https:\/\/fr.uci.org\/competition-details\/2026\/MTB\/74366\" target=\"_blank\" rel=\"noreferrer noopener\">le site officiel de l&#8217;UCI<\/a>.<\/p>\n","protected":false},"featured_media":80580,"template":"","meta":{"_acf_changed":false,"advanced_seo_description":"","jetpack_seo_html_title":"","jetpack_seo_noindex":false,"jetpack_seo_schema_type":""},"sport":[85],"class_list":["post-80579","news","type-news","status-publish","has-post-thumbnail","hentry","sport-velo-de-montagne"],"acf":[],"jetpack_sharing_enabled":true,"_links":{"self":[{"href":"https:\/\/cyclingcanada.ca\/fr\/wp-json\/wp\/v2\/news\/80579","targetHints":{"allow":["GET"]}}],"collection":[{"href":"https:\/\/cyclingcanada.ca\/fr\/wp-json\/wp\/v2\/news"}],"about":[{"href":"https:\/\/cyclingcanada.ca\/fr\/wp-json\/wp\/v2\/types\/news"}],"wp:featuredmedia":[{"embeddable":true,"href":"https:\/\/cyclingcanada.ca\/fr\/wp-json\/wp\/v2\/media\/80580"}],"wp:attachment":[{"href":"https:\/\/cyclingcanada.ca\/fr\/wp-json\/wp\/v2\/media?parent=80579"}],"wp:term":[{"taxonomy":"sport","embeddable":true,"href":"https:\/\/cyclingcanada.ca\/fr\/wp-json\/wp\/v2\/sport?post=80579"}],"curies":[{"name":"wp","href":"https:\/\/api.w.org\/{rel}","templated":true}]}}