{"id":80598,"date":"2026-08-31T14:26:39","date_gmt":"2026-08-31T18:26:39","guid":{"rendered":"https:\/\/cyclingcanada.ca\/?post_type=news&#038;p=80598"},"modified":"2026-08-31T14:26:41","modified_gmt":"2026-08-31T18:26:41","slug":"les-athletes-canadiens-de-velo-de-montagne-brillent-sur-la-scene-mondiale","status":"publish","type":"news","link":"https:\/\/cyclingcanada.ca\/fr\/news\/les-athletes-canadiens-de-velo-de-montagne-brillent-sur-la-scene-mondiale\/","title":{"rendered":"LES ATHL\u00c8TES CANADIENS DE V\u00c9LO DE MONTAGNE BRILLENT SUR LA SC\u00c8NE MONDIALE"},"content":{"rendered":"\n<p class=\"wp-block-paragraph\">Cyclisme Canada est fier de c\u00e9l\u00e9brer les athl\u00e8tes canadiens de v\u00e9lo de montagne, qui ont conclu une semaine exceptionnelle aux&nbsp;<a href=\"https:\/\/fr.uci.org\/competition-details\/2026\/MTB\/74366\" target=\"_blank\" rel=\"noreferrer noopener\">Championnats du monde de v\u00e9lo de montagne UCI 2026<\/a>, en signant une s\u00e9rie de performances de calibre mondial en descente, en cross-country olympique (XCO), en cross-country sur circuit court (XCC) et dans l\u2019\u00e9preuve du relais par \u00e9quipes. Du maillot arc-en-ciel remport\u00e9 en descente \u00e9lite \u00e0 de multiples places parmi les dix premiers et une pr\u00e9sence sur le podium, les athl\u00e8tes canadiens ont d\u00e9montr\u00e9 toute la profondeur du talent canadien en v\u00e9lo de montagne sur la sc\u00e8ne internationale.<\/p>\n\n\n\n<p class=\"wp-block-paragraph\">Les Championnats ont d\u00e9but\u00e9 par une solide performance au relais par \u00e9quipes, o\u00f9 le Canada a livr\u00e9 une lutte acharn\u00e9e pour d\u00e9crocher une impressionnante quatri\u00e8me place. Repr\u00e9sentant un m\u00e9lange d\u2019athl\u00e8tes juniors, U23 et \u00e9lites, Maxime St-Onge, Ethan Wood, Isabella Holmgren, Eliane Blais, Marin Lowe et Cole Punchard ont uni leurs efforts pour offrir une prestation comp\u00e9titive face aux meilleures nations du monde.<\/p>\n\n\n\n<p class=\"wp-block-paragraph\">Lors des \u00e9preuves de cross-country sur circuit court (XCC), les cyclistes canadiens ont poursuivi sur leur lanc\u00e9e. Isabella Holmgren a r\u00e9alis\u00e9 une excellente course en remontant depuis l\u2019arri\u00e8re du peloton pour terminer au septi\u00e8me rang chez les femmes \u00e9lites. De leur c\u00f4t\u00e9, Ian Ackert et Rafa\u00eblle Carrier ont chacun obtenu une sixi\u00e8me place dans leurs \u00e9preuves respectives de XCC U23.<\/p>\n\n\n\n<figure class=\"wp-block-image aligncenter size-full is-resized\"><img loading=\"lazy\" decoding=\"async\" width=\"1200\" height=\"800\" src=\"https:\/\/cyclingcanada.ca\/wp-content\/uploads\/2026\/08\/AW5_8592-1.jpg\" alt=\"\" class=\"wp-image-80592\" style=\"width:526px;height:auto\" srcset=\"https:\/\/cyclingcanada.ca\/wp-content\/uploads\/2026\/08\/AW5_8592-1.jpg 1200w, https:\/\/cyclingcanada.ca\/wp-content\/uploads\/2026\/08\/AW5_8592-1-640x427.jpg 640w, https:\/\/cyclingcanada.ca\/wp-content\/uploads\/2026\/08\/AW5_8592-1-768x512.jpg 768w\" sizes=\"auto, (max-width: 1200px) 100vw, 1200px\" \/><\/figure>\n\n\n\n<p class=\"wp-block-paragraph\">Les Championnats se sont poursuivis samedi avec les \u00e9preuves de descente. Chez les juniores f\u00e9minines, Jenna Foreman a r\u00e9alis\u00e9 une excellente performance en prenant une impressionnante cinqui\u00e8me place, tandis que Tayte Proulx-Royds a termin\u00e9 au septi\u00e8me rang. Pour couronner une semaine inoubliable, Jackson Goldstone a livr\u00e9 une descente historique dans l\u2019\u00e9preuve de descente hommes \u00e9lite, s\u2019emparant du titre de champion du monde et du prestigieux maillot arc-en-ciel pour une deuxi\u00e8me ann\u00e9e cons\u00e9cutive.<\/p>\n\n\n\n<figure class=\"wp-block-image aligncenter size-full is-resized\"><img loading=\"lazy\" decoding=\"async\" width=\"1200\" height=\"800\" src=\"https:\/\/cyclingcanada.ca\/wp-content\/uploads\/2026\/08\/AW6_3524-1.jpg\" alt=\"\" class=\"wp-image-80593\" style=\"width:542px;height:auto\" srcset=\"https:\/\/cyclingcanada.ca\/wp-content\/uploads\/2026\/08\/AW6_3524-1.jpg 1200w, https:\/\/cyclingcanada.ca\/wp-content\/uploads\/2026\/08\/AW6_3524-1-640x427.jpg 640w, https:\/\/cyclingcanada.ca\/wp-content\/uploads\/2026\/08\/AW6_3524-1-768x512.jpg 768w\" sizes=\"auto, (max-width: 1200px) 100vw, 1200px\" \/><\/figure>\n\n\n\n<p class=\"wp-block-paragraph\">L\u2019\u00e9lan s\u2019est poursuivi lors des \u00e9preuves de cross-country olympique (XCO), o\u00f9 Rafa\u00eblle Carrier a ajout\u00e9 un autre excellent r\u00e9sultat \u00e0 son palmar\u00e8s en prenant une impressionnante cinqui\u00e8me place chez les femmes U23, confirmant ainsi son statut parmi les meilleures espoirs du cross-country mondial. Chez les \u00e9lites, Cole Punchard a sign\u00e9 l\u2019une des performances les plus m\u00e9morables de ces Championnats. Pour sa toute premi\u00e8re participation aux Championnats du monde dans la cat\u00e9gorie \u00e9lite, il a pris les commandes de la course d\u00e8s les premiers tours, a surmont\u00e9 une portion interm\u00e9diaire particuli\u00e8rement exigeante, puis est revenu en force parmi les meneurs pour d\u00e9crocher la m\u00e9daille de bronze en XCO masculin \u00e9lite, concluant ainsi une perc\u00e9e remarquable sur la sc\u00e8ne internationale.<\/p>\n\n\n\n<figure class=\"wp-block-image aligncenter size-full is-resized\"><img loading=\"lazy\" decoding=\"async\" width=\"800\" height=\"1200\" src=\"https:\/\/cyclingcanada.ca\/wp-content\/uploads\/2026\/08\/AW5_3945-1.jpg\" alt=\"\" class=\"wp-image-80594\" style=\"width:200px;height:auto\" srcset=\"https:\/\/cyclingcanada.ca\/wp-content\/uploads\/2026\/08\/AW5_3945-1.jpg 800w, https:\/\/cyclingcanada.ca\/wp-content\/uploads\/2026\/08\/AW5_3945-1-640x960.jpg 640w, https:\/\/cyclingcanada.ca\/wp-content\/uploads\/2026\/08\/AW5_3945-1-768x1152.jpg 768w\" sizes=\"auto, (max-width: 800px) 100vw, 800px\" \/><\/figure>\n\n\n\n<p class=\"is-style-default wp-block-paragraph\">Cyclisme Canada f\u00e9licite l&#8217;ensemble des athl\u00e8tes qui ont repr\u00e9sent\u00e9 le Canada aux Championnats du Monde Mountain Bike UCI 2026. Un hommage particulier est rendu aux clubs, aux entra\u00eeneurs, aux organismes provinciaux et territoriaux ainsi qu&#8217;aux \u00e9quipes professionnelles de tout le pays, dont le d\u00e9vouement et l&#8217;engagement jouent un r\u00f4le essentiel dans la r\u00e9ussite de ces coureurs sur la sc\u00e8ne internationale. Des prestations de niveau mondial aux podiums, sans oublier les perc\u00e9es majeures et les meilleurs r\u00e9sultats en carri\u00e8re, l&#8217;\u00e9quipe a fait preuve d&#8217;une d\u00e9termination exceptionnelle tout au long de la semaine. Pour consulter l&#8217;ensemble des r\u00e9sultats, veuillez visiter\u00a0<a href=\"https:\/\/fr.uci.org\/competition-details\/2026\/MTB\/74366\" target=\"_blank\" rel=\"noreferrer noopener\">le site web de l&#8217;UCI<\/a>.<\/p>\n","protected":false},"featured_media":80595,"template":"","meta":{"_acf_changed":false,"advanced_seo_description":"","jetpack_seo_html_title":"","jetpack_seo_noindex":false,"jetpack_seo_schema_type":""},"sport":[85],"class_list":["post-80598","news","type-news","status-publish","has-post-thumbnail","hentry","sport-velo-de-montagne"],"acf":[],"jetpack_sharing_enabled":true,"_links":{"self":[{"href":"https:\/\/cyclingcanada.ca\/fr\/wp-json\/wp\/v2\/news\/80598","targetHints":{"allow":["GET"]}}],"collection":[{"href":"https:\/\/cyclingcanada.ca\/fr\/wp-json\/wp\/v2\/news"}],"about":[{"href":"https:\/\/cyclingcanada.ca\/fr\/wp-json\/wp\/v2\/types\/news"}],"wp:featuredmedia":[{"embeddable":true,"href":"https:\/\/cyclingcanada.ca\/fr\/wp-json\/wp\/v2\/media\/80595"}],"wp:attachment":[{"href":"https:\/\/cyclingcanada.ca\/fr\/wp-json\/wp\/v2\/media?parent=80598"}],"wp:term":[{"taxonomy":"sport","embeddable":true,"href":"https:\/\/cyclingcanada.ca\/fr\/wp-json\/wp\/v2\/sport?post=80598"}],"curies":[{"name":"wp","href":"https:\/\/api.w.org\/{rel}","templated":true}]}}