{"id":80718,"date":"2026-09-03T16:22:54","date_gmt":"2026-09-03T20:22:54","guid":{"rendered":"https:\/\/cyclingcanada.ca\/?post_type=news&#038;p=80718"},"modified":"2026-09-03T16:22:56","modified_gmt":"2026-09-03T20:22:56","slug":"le-canada-accueille-les-championnats-du-monde-sur-route-de-paracyclisme-de-luci-2026","status":"publish","type":"news","link":"https:\/\/cyclingcanada.ca\/fr\/news\/le-canada-accueille-les-championnats-du-monde-sur-route-de-paracyclisme-de-luci-2026\/","title":{"rendered":"LE CANADA ACCUEILLE LES CHAMPIONNATS DU MONDE SUR ROUTE DE PARACYCLISME DE L\u2019UCI 2026"},"content":{"rendered":"\n<p class=\"wp-block-paragraph\"><strong>OTTAWA, ON (3 septembre 2026) &#8211;&nbsp;<\/strong>Cyclisme Canada a le plaisir d&#8217;annoncer l&#8217;\u00e9quipe qui repr\u00e9sentera le pays aux Championnats du Monde Route Paracyclisme UCI 2026 \u00e0 Huntsville, en Alabama (\u00c9tats-Unis). Du 4 au 7 septembre, les meilleurs paracyclistes canadiens mettront en valeur leur talent lors des \u00e9preuves de contre-la-montre individuel et de course en ligne de ces championnats du monde.<\/p>\n\n\n\n<p class=\"wp-block-paragraph\">L&#8217;\u00e9quipe de paracyclisme arrive fort d&#8217;une saison r\u00e9ussie en Coupe du monde 2026, au cours de laquelle elle a remport\u00e9 6 m\u00e9dailles lors des \u00e9tapes belge et italienne du circuit. Alex Hayward a d\u00e9croch\u00e9 des m\u00e9dailles en contre-la-montre individuel MC3 lors des \u00e9preuves de Gistel et des Abruzzes, tandis que son co\u00e9quipier Maarten Duif en a ramen\u00e9 3, soit deux m\u00e9dailles d&#8217;argent en course en ligne et une de bronze au contre-la-montre MH1 \u00e0 Gistel. Jessica Law a compl\u00e9t\u00e9 la r\u00e9colte avec une m\u00e9daille de bronze ch\u00e8rement acquise lors de la course en ligne WC5 dans les Abruzzes.<\/p>\n\n\n\n<p class=\"wp-block-paragraph\">La formation retrouve plusieurs athl\u00e8tes des Championnats du monde 2025 de Ronse, en Belgique : Alex Hayward, Jessica Law et Michael Sametz sont de retour et pr\u00eats \u00e0 s&#8217;illustrer. Alex Hayward, de Quispamsis (N.-B.), cherche \u00e0 r\u00e9it\u00e9rer sa double performance m\u00e9daill\u00e9e. L&#8217;an dernier en Belgique, il avait remport\u00e9 l&#8217;or au contre-la-montre individuel C3 et le bronze \u00e0 la course en ligne C3.<\/p>\n\n\n\n<p class=\"wp-block-paragraph\"><strong>Composition de l&#8217;\u00e9quipe pour les Championnats du Monde Route Paracyclisme UCI 2026<\/strong><\/p>\n\n\n\n<ul class=\"wp-block-list\">\n<li>Alexandre Hayward (Quispamsis, N.-B.) &#8211; Classification : MC3<\/li>\n\n\n\n<li>Jessica Law (Vancouver, C.-B.) &#8211; Classification : WC5<\/li>\n\n\n\n<li>John Sonnenschien (Vancouver, C.-B.) &#8211; Classification : MC4<\/li>\n\n\n\n<li>Maarten Duif (Carleton Place, ON) &#8211; Classification : MH1<\/li>\n\n\n\n<li>Mike Sametz (Calgary, AB) &#8211; Classification : MC3<\/li>\n\n\n\n<li>Mel Pemble (Victoria, C.-B.) &#8211; Classification : WC3<\/li>\n<\/ul>\n\n\n\n<p class=\"wp-block-paragraph\">Cyclisme Canada f\u00e9licite tous les athl\u00e8tes qui participeront aux comp\u00e9titions ce mois de septembre \u00e0 Huntsville et souligne leur d\u00e9vouement \u00e0 repr\u00e9senter le Canada avec fiert\u00e9. Pour plus d&#8217;informations sur le site et les d\u00e9tails de l&#8217;\u00e9v\u00e9nement, veuillez visiter le site&nbsp;<a href=\"https:\/\/fr.uci.org\/competition-hub\/championnats-du-monde-route-para-cyclisme-uci-2026\/1kJGQUO6oN28eTNijvXzrO\" target=\"_blank\" rel=\"noreferrer noopener\">Web des Championnats du Monde Route UCI 2026<\/a>.<\/p>\n","protected":false},"featured_media":80720,"template":"","meta":{"_acf_changed":false,"advanced_seo_description":"","jetpack_seo_html_title":"","jetpack_seo_noindex":false,"jetpack_seo_schema_type":""},"sport":[86],"class_list":["post-80718","news","type-news","status-publish","has-post-thumbnail","hentry","sport-paracyclisme"],"acf":[],"jetpack_sharing_enabled":true,"_links":{"self":[{"href":"https:\/\/cyclingcanada.ca\/fr\/wp-json\/wp\/v2\/news\/80718","targetHints":{"allow":["GET"]}}],"collection":[{"href":"https:\/\/cyclingcanada.ca\/fr\/wp-json\/wp\/v2\/news"}],"about":[{"href":"https:\/\/cyclingcanada.ca\/fr\/wp-json\/wp\/v2\/types\/news"}],"wp:featuredmedia":[{"embeddable":true,"href":"https:\/\/cyclingcanada.ca\/fr\/wp-json\/wp\/v2\/media\/80720"}],"wp:attachment":[{"href":"https:\/\/cyclingcanada.ca\/fr\/wp-json\/wp\/v2\/media?parent=80718"}],"wp:term":[{"taxonomy":"sport","embeddable":true,"href":"https:\/\/cyclingcanada.ca\/fr\/wp-json\/wp\/v2\/sport?post=80718"}],"curies":[{"name":"wp","href":"https:\/\/api.w.org\/{rel}","templated":true}]}}