{"id":80761,"date":"2026-09-05T14:47:07","date_gmt":"2026-09-05T18:47:07","guid":{"rendered":"https:\/\/cyclingcanada.ca\/?post_type=news&#038;p=80761"},"modified":"2026-09-05T14:47:10","modified_gmt":"2026-09-05T18:47:10","slug":"le-canada-debout-sur-le-double-podium-du-contre-la-montre-mc3","status":"publish","type":"news","link":"https:\/\/cyclingcanada.ca\/fr\/news\/le-canada-debout-sur-le-double-podium-du-contre-la-montre-mc3\/","title":{"rendered":"LE CANADA DEBOUT SUR LE DOUBLE PODIUM DU CONTRE-LA-MONTRE MC3"},"content":{"rendered":"\n<p class=\"wp-block-paragraph\"><strong>OTTAWA (Ontario), le 5 septembre 2026<\/strong>&nbsp;\u2013 Les athl\u00e8tes canadiens ont livr\u00e9 des prestations exceptionnelles aujourd&#8217;hui aux Championnats du Monde Route Paracyclisme UCI 2026, alors que Michael Sametz et Alexandre Hayward se sont hiss\u00e9s sur le podium du contre-la-montre individuel Hommes C3, d\u00e9crochant l&#8217;argent et le bronze pour l&#8217;\u00c9quipe canadienne.<\/p>\n\n\n\n<p class=\"wp-block-paragraph\">Affrontant les meilleurs paracyclistes au monde \u00e0 Huntsville, en Alabama, Sametz a sign\u00e9 un parcours remarquable pour remporter la m\u00e9daille d&#8217;argent, tandis qu&#8217;Hayward a d\u00e9croch\u00e9 le bronze gr\u00e2ce \u00e0 une autre performance impressionnante dans la cat\u00e9gorie MC3. Sametz a arr\u00eat\u00e9 le chrono \u00e0 36:33.30 pour s&#8217;emparer de l&#8217;argent, tandis que le temps de 37:03.18 de Hayward lui a assur\u00e9 le bronze, concr\u00e9tisant ainsi ce double podium pour le Canada.<\/p>\n\n\n\n<p class=\"wp-block-paragraph\">Ce r\u00e9sultat marque une nouvelle \u00e9tape marquante dans la brillante carri\u00e8re des deux athl\u00e8tes. Pour Sametz, cette m\u00e9daille d&#8217;argent s&#8217;ajoute \u00e0 un palmar\u00e8s international \u00e9toff\u00e9 qui comprend une m\u00e9daille de bronze paralympique au contre-la-montre C3 \u00e0 Rio 2016 ainsi que des titres cons\u00e9cutifs aux Championnats du Monde Route Paracyclisme UCI en 2017 et 2018. Apr\u00e8s avoir surmont\u00e9 des maladies et des blessures qui l&#8217;ont tenu \u00e9loign\u00e9 de la comp\u00e9tition pendant plusieurs saisons, l&#8217;athl\u00e8te de Calgary a effectu\u00e9 un retour remarquable au plus haut niveau en 2023, d\u00e9crochant des m\u00e9dailles de bronze aux Championnats du monde \u00e0 Glasgow et aux Jeux parapanam\u00e9ricains de Santiago pour r\u00e9int\u00e9grer l&#8217;\u00e9lite mondiale du paracyclisme.<\/p>\n\n\n\n<p class=\"wp-block-paragraph\">\u00ab Je me sentais tr\u00e8s rapide au premier tour. Tout semblait s&#8217;aligner parfaitement, puis au deuxi\u00e8me tour, j&#8217;ai failli tomber \u00e0 mi-parcours, mais j&#8217;ai tenu bon et j&#8217;ai gard\u00e9 la t\u00eate basse pour conserver un maximum de vitesse \u00bb, a d\u00e9clar\u00e9 Sametz. \u00ab \u00c7a a sembl\u00e9 fonctionner ! C&#8217;\u00e9tait une course chaude, mais je suis tr\u00e8s heureux du r\u00e9sultat apr\u00e8s ces derni\u00e8res ann\u00e9es. \u00bb<\/p>\n\n\n\n<p class=\"wp-block-paragraph\">Hayward a continu\u00e9 de s&#8217;imposer parmi les meilleurs paracyclistes canadiens au cours des derni\u00e8res ann\u00e9es. Le natif de Quispamsis, au N.-B., a connu une saison 2025 incroyable, remportant le titre mondial du contre-la-montre individuel C3 et ajoutant une m\u00e9daille de bronze \u00e0 la course en ligne aux Championnats du Monde Route Paracyclisme UCI. Il a poursuivi sur cette lanc\u00e9e en 2026, accumulant les podiums lors des deux \u00e9tapes de la Coupe du Monde \u00e0 Gistel, en Belgique, et dans les Abruzzes, en Italie, avant d&#8217;arriver \u00e0 Huntsville parmi les grands favoris peloton MC3.<\/p>\n\n\n\n<p class=\"wp-block-paragraph\">Hayward a soulign\u00e9 : \u00ab Je suis vraiment content de cette troisi\u00e8me place. Et si l&#8217;on doit terminer troisi\u00e8me, on veut voir devant soi des athl\u00e8tes qui l&#8217;ont pleinement m\u00e9rit\u00e9, et c&#8217;est exactement ce qui s&#8217;est pass\u00e9 aujourd&#8217;hui. Monter sur le podium aux c\u00f4t\u00e9s d&#8217;un autre Canadien est un moment incroyablement sp\u00e9cial, et c&#8217;est une grande fiert\u00e9. \u00bb<\/p>\n\n\n\n<p class=\"wp-block-paragraph\">Avec deux m\u00e9dailles d\u00e9j\u00e0 en poche, l&#8217;\u00c9quipe canadienne amorce la comp\u00e9tition en force et cherchera \u00e0 poursuivre sur cette lanc\u00e9e lors des prochaines \u00e9preuves \u00e0 Huntsville. Pour consulter les r\u00e9sultats complets des Championnats du Monde Route Paracyclisme UCI 2026,&nbsp;<a href=\"https:\/\/fr.uci.org\/competition-hub\/championnats-du-monde-route-para-cyclisme-uci-2026\/1kJGQUO6oN28eTNijvXzrO\" target=\"_blank\" rel=\"noreferrer noopener\">cliquez ici<\/a>.<\/p>\n","protected":false},"featured_media":80760,"template":"","meta":{"_acf_changed":false,"advanced_seo_description":"","jetpack_seo_html_title":"","jetpack_seo_noindex":false,"jetpack_seo_schema_type":""},"sport":[86],"class_list":["post-80761","news","type-news","status-publish","has-post-thumbnail","hentry","sport-paracyclisme"],"acf":[],"jetpack_sharing_enabled":true,"_links":{"self":[{"href":"https:\/\/cyclingcanada.ca\/fr\/wp-json\/wp\/v2\/news\/80761","targetHints":{"allow":["GET"]}}],"collection":[{"href":"https:\/\/cyclingcanada.ca\/fr\/wp-json\/wp\/v2\/news"}],"about":[{"href":"https:\/\/cyclingcanada.ca\/fr\/wp-json\/wp\/v2\/types\/news"}],"wp:featuredmedia":[{"embeddable":true,"href":"https:\/\/cyclingcanada.ca\/fr\/wp-json\/wp\/v2\/media\/80760"}],"wp:attachment":[{"href":"https:\/\/cyclingcanada.ca\/fr\/wp-json\/wp\/v2\/media?parent=80761"}],"wp:term":[{"taxonomy":"sport","embeddable":true,"href":"https:\/\/cyclingcanada.ca\/fr\/wp-json\/wp\/v2\/sport?post=80761"}],"curies":[{"name":"wp","href":"https:\/\/api.w.org\/{rel}","templated":true}]}}