{"id":8765,"date":"2013-04-20T22:12:41","date_gmt":"2013-04-21T02:18:31","guid":{"rendered":"https:\/\/cyclingcanada.ca\/?post_type=news&amp;p=8765"},"modified":"2013-04-20T22:12:41","modified_gmt":"2013-04-21T02:18:31","slug":"tory-nyhaug-monte-sur-le-podium-de-coupe-du-monde-pour-la-premiere-fois","status":"publish","type":"news","link":"https:\/\/cyclingcanada.ca\/fr\/news\/tory-nyhaug-monte-sur-le-podium-de-coupe-du-monde-pour-la-premiere-fois\/","title":{"rendered":"TORY NYHAUG MONTE SUR LE PODIUM DE COUPE DU MONDE POUR LA PREMI\u00c8RE FOIS"},"content":{"rendered":"<p><em>Nyhaug prouve qu\u2019il est bel et bien gu\u00e9ri de ses blessures avec son premier podium de sa jeune carri\u00e8re<\/em><\/p>\n<p>(Ottawa, ON \u2014 le 20 avril 2013) La superstar canadienne de BMX Tory Nyhaug de Coquitlam, en Colombie-Britannique est mont\u00e9 samedi sur son premier podium de sa jeune carri\u00e8re sur le circuit de la Coupe du monde BMX Supercross de l\u2019UCI, en terminant deuxi\u00e8me de la premi\u00e8re manche du circuit 2013 de la Coupe du monde de l&#8217;UCI, \u00e0 Manchester, en Grande-Bretagne.<\/p>\n<p>Nyhaug, pr\u00e9sentement class\u00e9 deuxi\u00e8me dans le classement mondial de BMX, a connu un grand week-end de comp\u00e9tition \u00e0 Manchester, en prenant la deuxi\u00e8me place des Superfinales du contre-la-montre hier. Aujourd&#8217;hui, aux c\u00f4t\u00e9s du Champion du monde en titre, Nyhaug a fait son chemin jusqu\u2019au podium, son premier de sa carri\u00e8re.<\/p>\n<p>La vedette locale Liam Phillips a remport\u00e9 la victoire de cette premi\u00e8re course de quatre du circuit de Supercross UCI, devan\u00e7ant Nyhaug \u00e0 la ligne d&#8217;arriv\u00e9e. En troisi\u00e8me est venu le Champion du monde UCI, Champion de la Coupe du monde UCI et m\u00e9daill\u00e9 d&#8217;argent olympique, Sam Willoughby de l&#8217;Australie.<\/p>\n<p>Le podium vient apr\u00e8s une difficile saison\u00a02012 pour Nyhaug, qui quelques mois avant les Jeux olympiques avait subi une ablation de la rate et un poignet cass\u00e9 apr\u00e8s un accident sur \u200b\u200ble dernier tron\u00e7on de la Coupe du monde \u00e0 Papendal, aux Pays-Bas. Avec un remarquable retour \u00e0 la comp\u00e9tition, Nyhaug a couru pour le Canada aux Jeux olympiques de 2012 \u00e0 Londres.<\/p>\n<p>Cette saison, Nyhaug a eu du succ\u00e8s dans les comp\u00e9titions internationales et panam\u00e9ricaines, en montant sur le podium aux Championnats panam\u00e9ricains UCI plus t\u00f4t.<\/p>\n<p>La saison\u00a02013 marque le dixi\u00e8me anniversaire de la s\u00e9rie Coupe du monde BMX Supercross de l\u2019UCI.<\/p>\n<p>Le prochain arr\u00eat du circuit de la Coupe du monde BMX Supercross UCI se d\u00e9roulera du 10 au 11 mai 2013 \u00e0 Santiago del Estero, en Argentine. Les Championnats du monde BMX 2013 de l\u2019UCI auront lieu \u00e0 Auckland, Nouvelle-Z\u00e9lande, du 25 au 28 juillet.<\/p>\n<p><strong>R\u00c9SULTATS \u2013 COUPE DU MONDE DE BMX SUPERCROSS 2013 #1 \u2013 MANCHESTER, GBR<\/strong><\/p>\n<p>1. PHILLIPS, Liam (GBR)<\/p>\n<p><strong>2. NYHAUG, Tory (CAN) <\/strong><\/p>\n<p>3. WILLOUGHBY, Sam (AUS)<\/p>\n<p>4. ANDRE, Sylvain (FRA)<\/p>\n<p>5. FIELDS, Connor (USA)<\/p>\n<p>6. REZENDE, Renato (BRA)<\/p>\n<p>7. DAUDET, Joris\u00a0 (FRA)<\/p>\n<p>8. DEAN, Anthony (AUS)<\/p>\n<p>&nbsp;<\/p>\n<p><span style=\"text-decoration: underline;\">Time Trial SuperFinals<\/span><\/p>\n<p>1. PHILLIPS, Liam (GBR) 29.357<\/p>\n<p>2. NYHAUG, Tory (CAN) 29.389<\/p>\n<p>3. FIELDS, Connor (USA) 29.596<\/p>\n<p>3. TREIMANIS, Edzus (LAT) 29.596<\/p>\n<p>5. DAUDET, Joris (FRA) 29.794<\/p>\n<p>6. EVANS, Kyle (GBR) 30.017<\/p>\n<p>7. DUCHENE, Simon (FRA) 30.185<\/p>\n<p>8. REZENDE, Renato (BRA) 30.211<\/p>\n","protected":false},"featured_media":0,"template":"","meta":{"_acf_changed":false,"advanced_seo_description":"","jetpack_seo_html_title":"","jetpack_seo_noindex":false},"sport":[82],"class_list":["post-8765","news","type-news","status-publish","hentry","sport-bmx-fr"],"acf":[],"jetpack_sharing_enabled":true,"_links":{"self":[{"href":"https:\/\/cyclingcanada.ca\/fr\/wp-json\/wp\/v2\/news\/8765","targetHints":{"allow":["GET"]}}],"collection":[{"href":"https:\/\/cyclingcanada.ca\/fr\/wp-json\/wp\/v2\/news"}],"about":[{"href":"https:\/\/cyclingcanada.ca\/fr\/wp-json\/wp\/v2\/types\/news"}],"wp:attachment":[{"href":"https:\/\/cyclingcanada.ca\/fr\/wp-json\/wp\/v2\/media?parent=8765"}],"wp:term":[{"taxonomy":"sport","embeddable":true,"href":"https:\/\/cyclingcanada.ca\/fr\/wp-json\/wp\/v2\/sport?post=8765"}],"curies":[{"name":"wp","href":"https:\/\/api.w.org\/{rel}","templated":true}]}}